{"id":995,"date":"2020-12-13T20:50:13","date_gmt":"2020-12-14T00:50:13","guid":{"rendered":"https:\/\/webdealta.info\/?p=995"},"modified":"2020-12-13T20:50:16","modified_gmt":"2020-12-14T00:50:16","slug":"compromisos-cumplidos","status":"publish","type":"post","link":"https:\/\/webdealta.info\/?p=995","title":{"rendered":"Compromisos cumplidos"},"content":{"rendered":"\n<h4 class=\"wp-block-heading\">Equipo de Corpoelec, funcionarios del cuerpo de bomberos Andr\u00e9 Fourneau, coordinados por la alcald\u00eda<\/h4>\n\n\n\n<figure class=\"wp-block-image size-large\"><img loading=\"lazy\" decoding=\"async\" width=\"1024\" height=\"546\" src=\"https:\/\/webdealta.info\/wp-content\/uploads\/2020\/12\/Funcionario-del-cuerpo-de-bomberos-andre-Foruneau-1024x546.jpeg\" alt=\"\" class=\"wp-image-996\" srcset=\"https:\/\/webdealta.info\/wp-content\/uploads\/2020\/12\/Funcionario-del-cuerpo-de-bomberos-andre-Foruneau.jpeg 1024w, https:\/\/webdealta.info\/wp-content\/uploads\/2020\/12\/Funcionario-del-cuerpo-de-bomberos-andre-Foruneau.jpeg 300w, https:\/\/webdealta.info\/wp-content\/uploads\/2020\/12\/Funcionario-del-cuerpo-de-bomberos-andre-Foruneau.jpeg 768w, https:\/\/webdealta.info\/wp-content\/uploads\/2020\/12\/Funcionario-del-cuerpo-de-bomberos-andre-Foruneau.jpeg 1170w, https:\/\/webdealta.info\/wp-content\/uploads\/2020\/12\/Funcionario-del-cuerpo-de-bomberos-andre-Foruneau.jpeg 1500w, https:\/\/webdealta.info\/wp-content\/uploads\/2020\/12\/Funcionario-del-cuerpo-de-bomberos-andre-Foruneau.jpeg 1280w\" sizes=\"auto, (max-width: 640px) 100vw, 640px\" \/><figcaption>Poda de \u00e1rbol en la plaza Bol\u00edvar de Altagracia<\/figcaption><\/figure>\n\n\n\n<p>Amanda Saldivia<\/p>\n\n\n\n<p>La Web de Altagracia es un medio digital que se caracteriza con su relaci\u00f3n estrecha con otros espacios, entre ellos el programa radial Tiempo de Cambios y el grupo de WhatsApp Seguridad y Servicios P\u00fablicos Altagracia creado en el a\u00f1o 2018, con la finalidad de facilitar la comunicaci\u00f3n entre ciudadanos y funcionarios en pro de canalizar soluciones.<\/p>\n\n\n\n<p>Recientemente como parte del resumen informativo se incluy\u00f3 la secci\u00f3n Compromisos en Espera, como recordatorio a las instituciones de lo pendiente por resolver, cuyas coordinaciones fueron realizadas por integrantes del grupo o que las autoridades manifestaron que los resolver\u00edan.<\/p>\n\n\n\n<p>Esa secci\u00f3n cambi\u00f3 de nombre para destacar lo ejecutado el pasado viernes 11 de diciembre, bajo la coordinaci\u00f3n de Ra\u00fal Inojosa, director general de la alcald\u00eda, con el apoyo del equipo de Corpoelec a cargo de Roger Irazabal y la cuadrilla de trabajo de Rafael Valiente, el trabajo de los funcionarios del Cuerpo de Bomberos Andr\u00e9 Fourneau, comandado por Denis Dur\u00e1n y el apoyo de integrantes del grupo de Seguridad Marisela De Angelis, Argenis Pi\u00f1ero y William Fourneau. Los compromisos cumplidos fueron:<\/p>\n\n\n\n<p>Ejecutada: Poda de un \u00e1rbol ubicado en la plaza Bol\u00edvar de Altagracia, el cual es un peligro para transe\u00fantes. (Alcald\u00eda, Corpoelec, Bomberos, Grupo de Seguridad y Servicios P\u00fablicos Altagracia)<\/p>\n\n\n\n<p>Ejecutada parcialmente: Mejoras al alumbrado p\u00fablico en la calle Chapaiguana, m\u00e1s adelante del busto de la Madre Candelaria de San Jos\u00e9. (Alcald\u00eda, Corpoelec)<\/p>\n\n\n\n<p>Ejecutada parcialmente: Alumbrado para la entrada de la urbanizaci\u00f3n Las Mayitas, a la altura de la C\u00e1mara de Comercio. (Alcald\u00eda, Corpoelec)<\/p>\n\n\n\n<p>Pendiente: retirar los reductores de velocidad que colocaron en la carretera perimetral y que representan un peligro para los conductores. (Alcald\u00eda)<\/p>\n\n\n\n<p>@amandasaldivia<\/p>\n\n\n\n<p><\/p>\n","protected":false},"excerpt":{"rendered":"<p>Equipo de Corpoelec, funcionarios del cuerpo de bomberos Andr\u00e9 Fourneau, coordinados por la alcald\u00eda Amanda Saldivia La Web de Altagracia es un medio digital que se caracteriza con su relaci\u00f3n estrecha con otros espacios, entre ellos el programa radial Tiempo de Cambios y el grupo de WhatsApp Seguridad y Servicios<\/p>\n","protected":false},"author":2,"featured_media":997,"comment_status":"open","ping_status":"open","sticky":false,"template":"","format":"standard","meta":{"advanced_seo_description":"","jetpack_seo_html_title":"","jetpack_seo_noindex":false,"_jetpack_memberships_contains_paid_content":false,"footnotes":"","jetpack_publicize_message":"","jetpack_publicize_feature_enabled":true,"jetpack_social_post_already_shared":true,"jetpack_social_options":{"image_generator_settings":{"template":"highway","enabled":false},"version":2}},"categories":[93],"tags":[96,94,95,32],"class_list":["post-995","post","type-post","status-publish","format-standard","has-post-thumbnail","hentry","category-respuesta-a-los-ciudadanos","tag-alcaldia","tag-bomberos","tag-corpoelec","tag-webdealta",""],"jetpack_publicize_connections":[],"jetpack_featured_media_url":"https:\/\/webdealta.info\/wp-content\/uploads\/2020\/12\/poda-de-arbol-plaza-Bolivar.-foto-Webdealta.jpeg","jetpack_sharing_enabled":true,"jetpack_likes_enabled":true,"jetpack-related-posts":[],"jetpack_shortlink":"https:\/\/wp.me\/pcseDn-g3","_links":{"self":[{"href":"https:\/\/webdealta.info\/index.php?rest_route=\/wp\/v2\/posts\/995","targetHints":{"allow":["GET"]}}],"collection":[{"href":"https:\/\/webdealta.info\/index.php?rest_route=\/wp\/v2\/posts"}],"about":[{"href":"https:\/\/webdealta.info\/index.php?rest_route=\/wp\/v2\/types\/post"}],"author":[{"embeddable":true,"href":"https:\/\/webdealta.info\/index.php?rest_route=\/wp\/v2\/users\/2"}],"replies":[{"embeddable":true,"href":"https:\/\/webdealta.info\/index.php?rest_route=%2Fwp%2Fv2%2Fcomments&post=995"}],"version-history":[{"count":1,"href":"https:\/\/webdealta.info\/index.php?rest_route=\/wp\/v2\/posts\/995\/revisions"}],"predecessor-version":[{"id":998,"href":"https:\/\/webdealta.info\/index.php?rest_route=\/wp\/v2\/posts\/995\/revisions\/998"}],"wp:featuredmedia":[{"embeddable":true,"href":"https:\/\/webdealta.info\/index.php?rest_route=\/wp\/v2\/media\/997"}],"wp:attachment":[{"href":"https:\/\/webdealta.info\/index.php?rest_route=%2Fwp%2Fv2%2Fmedia&parent=995"}],"wp:term":[{"taxonomy":"category","embeddable":true,"href":"https:\/\/webdealta.info\/index.php?rest_route=%2Fwp%2Fv2%2Fcategories&post=995"},{"taxonomy":"post_tag","embeddable":true,"href":"https:\/\/webdealta.info\/index.php?rest_route=%2Fwp%2Fv2%2Ftags&post=995"}],"curies":[{"name":"wp","href":"https:\/\/api.w.org\/{rel}","templated":true}]}}