{"id":989,"date":"2020-12-13T18:36:48","date_gmt":"2020-12-13T22:36:48","guid":{"rendered":"https:\/\/webdealta.info\/?p=989"},"modified":"2020-12-13T18:39:13","modified_gmt":"2020-12-13T22:39:13","slug":"misas-de-aguinaldo-en-altagracia","status":"publish","type":"post","link":"https:\/\/webdealta.info\/?p=989","title":{"rendered":"Misas de aguinaldo en Altagracia"},"content":{"rendered":"\n<p>Amanda Saldivia<\/p>\n\n\n\n<p>Con restricciones vinculadas a las medidas de distanciamiento social por el covid 19, se realizar\u00e1n las misas de aguinaldo en la Iglesia Nuestra Se\u00f1ora de Altagracia, a partir de este martes 15 de diciembre y en horario a las 7:00 am y otras a las 4:00 pm, eso de acuerdo al cronograma publicado por el Consejo Pastoral Parroquial.<\/p>\n\n\n\n<p>Cada una de las misas, oficiadas por el Padre Santiago, ser\u00e1n en Acci\u00f3n de Gracias a quienes forman parte de instituciones, gremios, grupos que integran la Iglesia y comunidades de esta parroquia eclesi\u00e1stica en Altagracia de Orituco, Gu\u00e1rico.<\/p>\n\n\n\n<p>La primera misa de aguinaldo ser\u00e1 por estudiantes y educadores, mientras que a los medios de comunicaci\u00f3n social les corresponde el jueves 17 de diciembre; toda esta actividad gracias al trabajo organizativo de m\u00e1s de 20 feligreses que forman parte de la Pastoral, entre ellos Leonardo Lagazzi, C\u00e1ndido Guaimara, Jes\u00fas Mesia, Zoraida R\u00edos, Betty Bustamante, Carmen Aular, Benilde Ferreiro, Jos\u00e9 Alagar, Eva de Repillosa, Magali Ojeda, Carmen de Castillo, Aquiles Rond\u00f3n, Esther Campos, Andreina Mescia, Yesenia Durand, Nathaly de Silva, Mar\u00eda Laya, Donny Silva, Carmen Arias, Petra Orasma, Juana Montana y Victoria Mora.<\/p>\n\n\n\n<p>El programa de las misas de aguinaldo es el siguiente:<\/p>\n\n\n\n<figure class=\"wp-block-table\"><table><tbody><tr><td>MARTES 15\/12\/2020<\/td><td>&nbsp; 7:00 A.M. &nbsp; &nbsp; 4:00 p.m.<\/td><td>POR LOS ESTUDIANTES Y EDUCADORES &nbsp; &nbsp;<br><br> POR LA COMUNIDAD DE GUAIQUER\u00ccES<\/td><td>COLEGIO PADRE JUAN DE BARNUEVO- C.T.N.A.P.E.P. \u201cMONSE\u00d1OR SIXTO SOSA\u201d\/ C.E.I. PITOQUIN- U.E. BATALLA DE LA VICTORIA &nbsp; ANDREINA MESCIA Y OMAIRA DE ORTU\u00d1O<\/td><\/tr><tr><td>MI\u00c9RCOLES 16\/ 12\/ 2020<\/td><td>&nbsp; 7:00 a.m. &nbsp; &nbsp; 4:00 p.m.<\/td><td>POR LA CATEQUESIS Y LA INFANCIA ABANDONADA &nbsp; <br><br>POR LA COMUNIDAD DE PE\u00d1A DE MOTA<\/td><td>AREA CATEQUESIS&nbsp; &#8211; RICHARD MAR\u00ccN, SECTOR COROMOTO, EL CUMBITO, HNAS. CARMELITAS Y AREA SOCIAL COMUNIDAD Y PETRA ORASMA<\/td><\/tr><tr><td>JUEVES <br>17\/ 12\/ 2020<\/td><td>&nbsp; &nbsp;7:00 a.m. &nbsp; &nbsp; &nbsp; 4:00 p.m.<\/td><td>POR LA FUNDACI\u00d3N NTRA. SRA. DE ALTAGRACIA Y MEDIOS DE COMUNICACI\u00d2N &nbsp; <br>POR LA COMUNIDAD DE EL DIAMANTE<\/td><td>FUNDACI\u00d2N NTRA. SRA. DE ALTAGRACIA Y MEDIOS DE COMUNICACI\u00d2N &nbsp; &nbsp; JESUS MESIA Y CARMEN AULAR<\/td><\/tr><tr><td>VIERNES 18\/ 12\/ 2020<\/td><td>&nbsp; 7:00 a.m.<\/td><td>POR LOS GOBERNANTES Y ANCIANOS<\/td><td>CONTRALORIA MUNICIPAL, ALCALDIA,&nbsp; MINISTROS CONFERIDOS Y PRAESIDIA \u201cROSA M\u00ccSTICA\u201d &nbsp;<\/td><\/tr><tr><td>S\u00c1BADO<br>19\/ 12\/ 2020<\/td><td>&nbsp; 7:00 a.m. &nbsp;<\/td><td>&nbsp; POR LOS ENFERMOS &nbsp;<\/td><td>POLICLINICA DEL LLANO- AV. STA. TERESA- CALLEJ\u00d2N SAN JUAN &nbsp;<\/td><\/tr><tr><td>DOMINGO 20\/ 12\/ 2020<\/td><td>7:00 a.m. &nbsp; &nbsp;<\/td><td>POR LOS COMERCIANTES Y PRODUCTORES AGROPECUARIOS<\/td><td>CAMARA DE COMERCIO, HNOS. CONCEPCI\u00d2N Y HNOS. D\u2019ANGELIS<\/td><\/tr><tr><td>LUNES<br>21\/ 12\/ 2020<\/td><td> 7:00 a.m.<\/td><td>POR SECTOR CADAFE, BUENOS AIRES Y BELLA VISTA<\/td><td>&nbsp;ESPOSOS ALAGAR \/ YESENIA DURAND<\/td><\/tr><tr><td>MARTES 22\/ 12\/ 2020<\/td><td>&nbsp; 7:00 a.m. &nbsp; &nbsp;<\/td><td>LA PLAYERA, MERCADO Y BOTAL\u00d2N &nbsp; &nbsp;<\/td><td>MONICA MALAV\u00c8, EVA DE REPILLOZA Y PRAESIDIA NTRA. SRA DE LAS MERCEDES<\/td><\/tr><tr><td>MIERCOLES 23\/ 12\/ 2020<\/td><td>&nbsp; 7:00 a.m.<\/td><td>POR LAS VOCACIONES SACERDOTALES Y RELIGIOSAS<\/td><td>AREA VOCACI\u00d2N, LAICOS ANUNCIATOS Y LITURGIA<\/td><\/tr><tr><td>JUEVES <br>24\/ 12\/ 2020<\/td><td>&nbsp; 4:00 p.m. &nbsp; 5:00 p.m.<\/td><td>HORA SANTA POR LAS FAMILIAS &nbsp; <br><br>MISA POR LAS FAMILIAS<\/td><td>AREA FAMILIA,  SECTOR CENTRO Y C.P.P.<\/td><\/tr><tr><td>VIERNES 25\/ 12\/ 2020<\/td><td>&nbsp; 5:00 p.m.<\/td><td>MISA POR LA NATIVIDAD DEL SE\u00d1OR &nbsp;<\/td><td>&nbsp; LEGION DE MARIA<\/td><\/tr><tr><td>LUNES <br>28\/ 12\/ 2020<\/td><td>&nbsp; 7:00 a.m.<\/td><td>&nbsp; MISA POR LOS SANTOS INOCENTES<\/td><td>&nbsp;APOSTOLADO DE LA ORACI\u00d2N,&nbsp; LA INMACULADA<\/td><\/tr><tr><td>JUEVES &nbsp; <br>31\/ 12\/ 2020<\/td><td>4:00 p.m. &nbsp; &nbsp; 5:00 p.m. &nbsp;<\/td><td>HORA SANTA POR EL A\u00d1O QUE CULMINA Y POR EL QUE INICIA &nbsp; MISA ACCION DE GRACIAS POR EL A\u00d1O QUE CULMINA Y POR EL QUE INICIA<\/td><td>MOVIMIENTO DE CURSILLO DE CRISTIANDAD &nbsp; JUANA DE GARCIA, JUANA DE MESCIA, CHIMBORAZO Y SAN JOSE &nbsp;<\/td><\/tr><\/tbody><\/table><figcaption>Programaci\u00f3n difundida por el Consejo Pastoral Parroquial<\/figcaption><\/figure>\n","protected":false},"excerpt":{"rendered":"<p>Amanda Saldivia Con restricciones vinculadas a las medidas de distanciamiento social por el covid 19, se realizar\u00e1n las misas de aguinaldo en la Iglesia Nuestra Se\u00f1ora de Altagracia, a partir de este martes 15 de diciembre y en horario a las 7:00 am y otras a las 4:00 pm, eso<\/p>\n","protected":false},"author":2,"featured_media":990,"comment_status":"open","ping_status":"open","sticky":false,"template":"","format":"standard","meta":{"advanced_seo_description":"","jetpack_seo_html_title":"","jetpack_seo_noindex":false,"_jetpack_memberships_contains_paid_content":false,"footnotes":"","jetpack_publicize_message":"","jetpack_publicize_feature_enabled":true,"jetpack_social_post_already_shared":true,"jetpack_social_options":{"image_generator_settings":{"template":"highway","enabled":false},"version":2}},"categories":[42],"tags":[92,8,32],"class_list":["post-989","post","type-post","status-publish","format-standard","has-post-thumbnail","hentry","category-iglesia-catolica","tag-misasdeaguinaldo","tag-altagraciadeorituco","tag-webdealta",""],"jetpack_publicize_connections":[],"jetpack_featured_media_url":"https:\/\/webdealta.info\/wp-content\/uploads\/2020\/12\/Iglesia-Nuestra-Senora-de-Altagracia-foto-webdealta.jpeg","jetpack_sharing_enabled":true,"jetpack_likes_enabled":true,"jetpack-related-posts":[],"jetpack_shortlink":"https:\/\/wp.me\/pcseDn-fX","_links":{"self":[{"href":"https:\/\/webdealta.info\/index.php?rest_route=\/wp\/v2\/posts\/989","targetHints":{"allow":["GET"]}}],"collection":[{"href":"https:\/\/webdealta.info\/index.php?rest_route=\/wp\/v2\/posts"}],"about":[{"href":"https:\/\/webdealta.info\/index.php?rest_route=\/wp\/v2\/types\/post"}],"author":[{"embeddable":true,"href":"https:\/\/webdealta.info\/index.php?rest_route=\/wp\/v2\/users\/2"}],"replies":[{"embeddable":true,"href":"https:\/\/webdealta.info\/index.php?rest_route=%2Fwp%2Fv2%2Fcomments&post=989"}],"version-history":[{"count":3,"href":"https:\/\/webdealta.info\/index.php?rest_route=\/wp\/v2\/posts\/989\/revisions"}],"predecessor-version":[{"id":993,"href":"https:\/\/webdealta.info\/index.php?rest_route=\/wp\/v2\/posts\/989\/revisions\/993"}],"wp:featuredmedia":[{"embeddable":true,"href":"https:\/\/webdealta.info\/index.php?rest_route=\/wp\/v2\/media\/990"}],"wp:attachment":[{"href":"https:\/\/webdealta.info\/index.php?rest_route=%2Fwp%2Fv2%2Fmedia&parent=989"}],"wp:term":[{"taxonomy":"category","embeddable":true,"href":"https:\/\/webdealta.info\/index.php?rest_route=%2Fwp%2Fv2%2Fcategories&post=989"},{"taxonomy":"post_tag","embeddable":true,"href":"https:\/\/webdealta.info\/index.php?rest_route=%2Fwp%2Fv2%2Ftags&post=989"}],"curies":[{"name":"wp","href":"https:\/\/api.w.org\/{rel}","templated":true}]}}