{"id":9803,"date":"2026-09-01T16:14:16","date_gmt":"2026-09-01T20:14:16","guid":{"rendered":"https:\/\/webdealta.info\/?p=9803"},"modified":"2026-09-01T16:14:18","modified_gmt":"2026-09-01T20:14:18","slug":"fallecido-por-impactos-de-bala","status":"publish","type":"post","link":"https:\/\/webdealta.info\/?p=9803","title":{"rendered":"Fallecido por impactos de bala\u00a0"},"content":{"rendered":"\n<p class=\"wp-block-paragraph\">Como Andr\u00e9s Javier Alcal\u00e1 fue identificado el joven de 23 a\u00f1os de edad, quien muri\u00f3 tras recibir cuatro impactos de bala, momentos cuando se encontraba en la calle principal del sector Pe\u00f1a de Mota de Altagracia de Orituco, Gu\u00e1rico, lugar donde resid\u00eda.&nbsp;<\/p>\n\n\n\n<p class=\"wp-block-paragraph\">El suceso se registr\u00f3 pasada las 9:30 pm de este lunes 31 de agosto, cuando Alcal\u00e1 fue abordado por un suceso que accion\u00f3 el arma de fuego en su contra. Extraoficialmente se conoci\u00f3 que por las caracter\u00edsticas del caso el m\u00f3vil podr\u00eda ser la venganza.<\/p>\n\n\n\n<p class=\"wp-block-paragraph\">El cuerpo fue trasladado a la morgue del hospital Dr. Jos\u00e9 Francisco Torrealba. El caso est\u00e1 en manos del Cuerpo de Investigaciones Cient\u00edficas, Penales y Criminalisticas del municipio Jos\u00e9 Tadeo Monagas, Gu\u00e1rico.<\/p>\n\n\n\n<p class=\"wp-block-paragraph\"><\/p>\n","protected":false},"excerpt":{"rendered":"<p>Como Andr\u00e9s Javier Alcal\u00e1 fue identificado el joven de 23 a\u00f1os de edad, quien muri\u00f3 tras recibir cuatro impactos de bala, momentos cuando se encontraba en la calle principal del sector Pe\u00f1a de Mota de Altagracia de Orituco, Gu\u00e1rico, lugar donde resid\u00eda.&nbsp; El suceso se registr\u00f3 pasada las 9:30 pm<\/p>\n","protected":false},"author":2,"featured_media":4991,"comment_status":"closed","ping_status":"closed","sticky":false,"template":"","format":"standard","meta":{"advanced_seo_description":"","jetpack_seo_html_title":"","jetpack_seo_noindex":false,"jetpack_seo_schema_type":"","_jetpack_newsletter_access":"","_jetpack_dont_email_post_to_subs":false,"_jetpack_newsletter_tier_id":0,"_jetpack_memberships_contains_paywalled_content":false,"_jetpack_feature_clip_id":0,"_jetpack_memberships_contains_paid_content":false,"footnotes":"","jetpack_publicize_message":"","jetpack_publicize_feature_enabled":true,"jetpack_social_post_already_shared":true,"jetpack_social_options":{"image_generator_settings":{"template":"highway","default_image_id":0,"font":"","enabled":false},"version":2},"jetpack_post_was_ever_published":false},"categories":[234,251],"tags":[8,7,32],"class_list":["post-9803","post","type-post","status-publish","format-standard","has-post-thumbnail","hentry","category-sucesos","category-webdealta","tag-altagraciadeorituco","tag-guarico","tag-webdealta",""],"jetpack_publicize_connections":[],"jetpack_featured_media_url":"https:\/\/webdealta.info\/wp-content\/uploads\/2022\/06\/cicpc-webdealta-1.jpg","jetpack_sharing_enabled":true,"jetpack_likes_enabled":true,"jetpack-related-posts":[],"jetpack_shortlink":"https:\/\/wp.me\/pcseDn-2y7","_links":{"self":[{"href":"https:\/\/webdealta.info\/index.php?rest_route=\/wp\/v2\/posts\/9803","targetHints":{"allow":["GET"]}}],"collection":[{"href":"https:\/\/webdealta.info\/index.php?rest_route=\/wp\/v2\/posts"}],"about":[{"href":"https:\/\/webdealta.info\/index.php?rest_route=\/wp\/v2\/types\/post"}],"author":[{"embeddable":true,"href":"https:\/\/webdealta.info\/index.php?rest_route=\/wp\/v2\/users\/2"}],"replies":[{"embeddable":true,"href":"https:\/\/webdealta.info\/index.php?rest_route=%2Fwp%2Fv2%2Fcomments&post=9803"}],"version-history":[{"count":1,"href":"https:\/\/webdealta.info\/index.php?rest_route=\/wp\/v2\/posts\/9803\/revisions"}],"predecessor-version":[{"id":9804,"href":"https:\/\/webdealta.info\/index.php?rest_route=\/wp\/v2\/posts\/9803\/revisions\/9804"}],"wp:featuredmedia":[{"embeddable":true,"href":"https:\/\/webdealta.info\/index.php?rest_route=\/wp\/v2\/media\/4991"}],"wp:attachment":[{"href":"https:\/\/webdealta.info\/index.php?rest_route=%2Fwp%2Fv2%2Fmedia&parent=9803"}],"wp:term":[{"taxonomy":"category","embeddable":true,"href":"https:\/\/webdealta.info\/index.php?rest_route=%2Fwp%2Fv2%2Fcategories&post=9803"},{"taxonomy":"post_tag","embeddable":true,"href":"https:\/\/webdealta.info\/index.php?rest_route=%2Fwp%2Fv2%2Ftags&post=9803"}],"curies":[{"name":"wp","href":"https:\/\/api.w.org\/{rel}","templated":true}]}}