{"id":9723,"date":"2026-03-17T16:12:42","date_gmt":"2026-03-17T20:12:42","guid":{"rendered":"https:\/\/webdealta.info\/?p=9723"},"modified":"2026-03-17T16:12:44","modified_gmt":"2026-03-17T20:12:44","slug":"con-misa-comenzo-celebracion-de-los-70-anos-del-camejo","status":"publish","type":"post","link":"https:\/\/webdealta.info\/?p=9723","title":{"rendered":"Con misa comenz\u00f3 celebraci\u00f3n de los 70 a\u00f1os del Camejo\u00a0"},"content":{"rendered":"\n<p>Con una eucarist\u00eda oficiada por el padre Alfonzo Mota, inici\u00f3 oficialmente la celebraci\u00f3n de los 70 a\u00f1os de la escuela b\u00e1sica Jos\u00e9 Ram\u00f3n Camejo de Altagracia de Orituco, instituci\u00f3n inaugurada el primero de marzo de 1956.&nbsp;<\/p>\n\n\n\n<p>En el programa festivo, dado a conocer por la directora MSc. Mar\u00eda Ledezma de P\u00e9rez, destac\u00f3 la Misa de Acci\u00f3n de Gracias de este martes 17 de marzo, a la cual asistieron estudiantes, representantes, docentes, personal administrativo y obrero; adem\u00e1s de invitados especiales, entre ellos maestros jubilados.<\/p>\n\n\n\n<p>Para el pr\u00f3ximo mi\u00e9rcoles 25 de marzo est\u00e1 previsto el acto protocolar con la entrega de reconocimientos, y el jueves 26, presentaciones culturales y feria de ciencias, entre otros.<\/p>\n\n\n\n<p>Amanda Saldivia<\/p>\n\n\n\n<p>CNP 6.664<\/p>\n\n\n\n<p>@amandasaldivia<\/p>\n","protected":false},"excerpt":{"rendered":"<p>Con una eucarist\u00eda oficiada por el padre Alfonzo Mota, inici\u00f3 oficialmente la celebraci\u00f3n de los 70 a\u00f1os de la escuela b\u00e1sica Jos\u00e9 Ram\u00f3n Camejo de Altagracia de Orituco, instituci\u00f3n inaugurada el primero de marzo de 1956.&nbsp; En el programa festivo, dado a conocer por la directora MSc. Mar\u00eda Ledezma de<\/p>\n","protected":false},"author":2,"featured_media":9724,"comment_status":"open","ping_status":"open","sticky":false,"template":"","format":"standard","meta":{"advanced_seo_description":"","jetpack_seo_html_title":"","jetpack_seo_noindex":false,"_jetpack_memberships_contains_paid_content":false,"footnotes":"","jetpack_publicize_message":"","jetpack_publicize_feature_enabled":true,"jetpack_social_post_already_shared":true,"jetpack_social_options":{"image_generator_settings":{"template":"highway","enabled":false},"version":2}},"categories":[286,251],"tags":[8,7,32],"class_list":["post-9723","post","type-post","status-publish","format-standard","has-post-thumbnail","hentry","category-aniversario","category-webdealta","tag-altagraciadeorituco","tag-guarico","tag-webdealta",""],"jetpack_publicize_connections":[],"jetpack_featured_media_url":"https:\/\/webdealta.info\/wp-content\/uploads\/2026\/03\/134e9176-7543-4566-9703-fddb17f2ed15.jpeg","jetpack_sharing_enabled":true,"jetpack_likes_enabled":true,"jetpack-related-posts":[],"jetpack_shortlink":"https:\/\/wp.me\/pcseDn-2wP","_links":{"self":[{"href":"https:\/\/webdealta.info\/index.php?rest_route=\/wp\/v2\/posts\/9723","targetHints":{"allow":["GET"]}}],"collection":[{"href":"https:\/\/webdealta.info\/index.php?rest_route=\/wp\/v2\/posts"}],"about":[{"href":"https:\/\/webdealta.info\/index.php?rest_route=\/wp\/v2\/types\/post"}],"author":[{"embeddable":true,"href":"https:\/\/webdealta.info\/index.php?rest_route=\/wp\/v2\/users\/2"}],"replies":[{"embeddable":true,"href":"https:\/\/webdealta.info\/index.php?rest_route=%2Fwp%2Fv2%2Fcomments&post=9723"}],"version-history":[{"count":1,"href":"https:\/\/webdealta.info\/index.php?rest_route=\/wp\/v2\/posts\/9723\/revisions"}],"predecessor-version":[{"id":9725,"href":"https:\/\/webdealta.info\/index.php?rest_route=\/wp\/v2\/posts\/9723\/revisions\/9725"}],"wp:featuredmedia":[{"embeddable":true,"href":"https:\/\/webdealta.info\/index.php?rest_route=\/wp\/v2\/media\/9724"}],"wp:attachment":[{"href":"https:\/\/webdealta.info\/index.php?rest_route=%2Fwp%2Fv2%2Fmedia&parent=9723"}],"wp:term":[{"taxonomy":"category","embeddable":true,"href":"https:\/\/webdealta.info\/index.php?rest_route=%2Fwp%2Fv2%2Fcategories&post=9723"},{"taxonomy":"post_tag","embeddable":true,"href":"https:\/\/webdealta.info\/index.php?rest_route=%2Fwp%2Fv2%2Ftags&post=9723"}],"curies":[{"name":"wp","href":"https:\/\/api.w.org\/{rel}","templated":true}]}}