{"id":9631,"date":"2025-11-02T17:17:54","date_gmt":"2025-11-02T21:17:54","guid":{"rendered":"https:\/\/webdealta.info\/?p=9631"},"modified":"2025-11-02T17:17:55","modified_gmt":"2025-11-02T21:17:55","slug":"con-emotivo-mensaje-teresa-rodriguez-recordo-el-aniversario-60-de-la-casa-canaria","status":"publish","type":"post","link":"https:\/\/webdealta.info\/?p=9631","title":{"rendered":"Con emotivo mensaje Teresa Rodr\u00edguez record\u00f3 el aniversario 60 de la Casa Canaria"},"content":{"rendered":"\n<p>Con un emotivo mensaje dedicado a los fundadores que partieron, a los socios y la generaci\u00f3n de relevo, Teresa Rodr\u00edguez anunci\u00f3 que la Casa Canaria de Altagracia de Orituco cumpli\u00f3 60 a\u00f1os de fundada, el pasado primero de noviembre.<\/p>\n\n\n\n<p>En un mensaje compartido con la Web de Altagracia, en su condici\u00f3n de actual presidenta de la Asociaci\u00f3n Civil Casa Canaria de Altagracia de Orituco, cont\u00f3 que \u00abel primero de noviembre de 1965 se plasm\u00f3 la ilusi\u00f3n de un grupo de personas de formar la Casa Canaria&#8230;ha sido y es el hogar de muchos canarios, sus paredes, sus recuerdos est\u00e1n vivientes de mucha generaciones que ya no est\u00e1n y algunos siguen aqu\u00ed luchando y que hemos mantenido esta ilusi\u00f3n que nuestros abuelos y nuestros padres sembraron en nosotros, el amor a la Casa Canaria\u00bb.<\/p>\n\n\n\n<p>A prop\u00f3sito de esa emblem\u00e1tica fecha, Teresa Rodr\u00edguez se\u00f1al\u00f3 que habr\u00e1n actividades festivas durante todo el mes de noviembre, para celebrar y recordar a los fundadores, raz\u00f3n por la cual quiso \u00abhacerle llegar hasta el cielo, porque muchos est\u00e1n all\u00ed, mi aplauso, mi cari\u00f1o y mi respeto&#8230;estamos pidi\u00e9ndole que nuestra Casa Canaria contin\u00fae y sembrando en nuestros nietos, en nuestros hijos, el amor que nuestros abuelos nos ense\u00f1aron por la Casa Canaria\u00bb.<\/p>\n\n\n\n<p>Aunque no adelant\u00f3 la programaci\u00f3n festiva, se\u00f1al\u00f3 que \u00abcada pareja tiene un recuerdo, cada ilusi\u00f3n que all\u00ed tuvimos de fiestas, de alegr\u00eda y a veces decimos hasta de tristeza, pero la Casa Canaria es el hogar que se so\u00f1\u00f3\u00bb.<\/p>\n\n\n\n<p>Por \u00faltimo, expres\u00f3 que \u00abpara los canarios feliz cumplea\u00f1os socios y en esta oportunidad mil felicitaciones, porque hemos arribado a los 60 a\u00f1os y durante todo el mes de noviembre vamos a estar celebrando, porque los cumplea\u00f1os no es un d\u00eda&#8230; la asociaci\u00f3n civil Casa Canaria de Altagracia el hogar de todo canario y el hogar de todos nosotros\u00bb.<\/p>\n\n\n\n<p>Amanda Saldivia<br>CNP 6.664<br><a>@amandasaldivia<\/a><br><br><\/p>\n","protected":false},"excerpt":{"rendered":"<p>Con un emotivo mensaje dedicado a los fundadores que partieron, a los socios y la generaci\u00f3n de relevo, Teresa Rodr\u00edguez anunci\u00f3 que la Casa Canaria de Altagracia de Orituco cumpli\u00f3 60 a\u00f1os de fundada, el pasado primero de noviembre. En un mensaje compartido con la Web de Altagracia, en su<\/p>\n","protected":false},"author":2,"featured_media":9632,"comment_status":"open","ping_status":"open","sticky":false,"template":"","format":"standard","meta":{"advanced_seo_description":"","jetpack_seo_html_title":"","jetpack_seo_noindex":false,"_jetpack_memberships_contains_paid_content":false,"footnotes":"","jetpack_publicize_message":"","jetpack_publicize_feature_enabled":true,"jetpack_social_post_already_shared":true,"jetpack_social_options":{"image_generator_settings":{"template":"highway","enabled":false},"version":2}},"categories":[335,251],"tags":[8,7,32],"class_list":["post-9631","post","type-post","status-publish","format-standard","has-post-thumbnail","hentry","category-locales","category-webdealta","tag-altagraciadeorituco","tag-guarico","tag-webdealta",""],"jetpack_publicize_connections":[],"jetpack_featured_media_url":"https:\/\/webdealta.info\/wp-content\/uploads\/2025\/11\/casa-canaria-webdealta-2025.png","jetpack_sharing_enabled":true,"jetpack_likes_enabled":true,"jetpack-related-posts":[],"jetpack_shortlink":"https:\/\/wp.me\/pcseDn-2vl","_links":{"self":[{"href":"https:\/\/webdealta.info\/index.php?rest_route=\/wp\/v2\/posts\/9631","targetHints":{"allow":["GET"]}}],"collection":[{"href":"https:\/\/webdealta.info\/index.php?rest_route=\/wp\/v2\/posts"}],"about":[{"href":"https:\/\/webdealta.info\/index.php?rest_route=\/wp\/v2\/types\/post"}],"author":[{"embeddable":true,"href":"https:\/\/webdealta.info\/index.php?rest_route=\/wp\/v2\/users\/2"}],"replies":[{"embeddable":true,"href":"https:\/\/webdealta.info\/index.php?rest_route=%2Fwp%2Fv2%2Fcomments&post=9631"}],"version-history":[{"count":1,"href":"https:\/\/webdealta.info\/index.php?rest_route=\/wp\/v2\/posts\/9631\/revisions"}],"predecessor-version":[{"id":9633,"href":"https:\/\/webdealta.info\/index.php?rest_route=\/wp\/v2\/posts\/9631\/revisions\/9633"}],"wp:featuredmedia":[{"embeddable":true,"href":"https:\/\/webdealta.info\/index.php?rest_route=\/wp\/v2\/media\/9632"}],"wp:attachment":[{"href":"https:\/\/webdealta.info\/index.php?rest_route=%2Fwp%2Fv2%2Fmedia&parent=9631"}],"wp:term":[{"taxonomy":"category","embeddable":true,"href":"https:\/\/webdealta.info\/index.php?rest_route=%2Fwp%2Fv2%2Fcategories&post=9631"},{"taxonomy":"post_tag","embeddable":true,"href":"https:\/\/webdealta.info\/index.php?rest_route=%2Fwp%2Fv2%2Ftags&post=9631"}],"curies":[{"name":"wp","href":"https:\/\/api.w.org\/{rel}","templated":true}]}}