{"id":9622,"date":"2025-10-16T14:39:37","date_gmt":"2025-10-16T18:39:37","guid":{"rendered":"https:\/\/webdealta.info\/?p=9622"},"modified":"2025-10-16T14:39:38","modified_gmt":"2025-10-16T18:39:38","slug":"bautizaran-el-libro-enciende-los-4-poderes-del-emprendedor","status":"publish","type":"post","link":"https:\/\/webdealta.info\/?p=9622","title":{"rendered":"Bautizar\u00e1n el libro Enciende los 4 poderes del emprendedor\u00a0"},"content":{"rendered":"\n<p>Jes\u00fas Alberto P\u00e9rez, conjug\u00f3 la formaci\u00f3n acad\u00e9mica y los conocimientos en el campo de la administraci\u00f3n p\u00fablica, el \u00e1mbito privado y la docencia, adem\u00e1s de las reflexiones sobre su experiencia de vida, para presentar el libro de su autor\u00eda que lleva por t\u00edtulo Enciende los 4 poderes del emprendedor, obra que ya est\u00e1 disponible en Amazon y que ser\u00e1 bautizada en su tierra natal Altagracia de Orituco, el s\u00e1bado 18 de octubre, a las 10:00 am, en la sede de la fundaci\u00f3n Dr. Pedro Mar\u00eda Ar\u00e9valo.<\/p>\n\n\n\n<p>Con una amplia sonrisa que recoge la emoci\u00f3n de ver cristalizado ese sue\u00f1o que es parte del proyecto editorial Mar de Posibilidades, obsequi\u00f3 a la redactora de esta nota de prensa el ejemplar de 346 p\u00e1ginas, 9 cap\u00edtulos, el cual es parte de la colecci\u00f3n El esp\u00edritu emprendedor y su m\u00e9todo.<\/p>\n\n\n\n<p>En la conversaci\u00f3n con el autor precis\u00f3 que son cuatro los temas esenciales que se entrelazan, ellos son principales causas del fracaso de las empresas emergentes; el perfil del emprendedor que incluye una \u201cpropuesta para responder una pregunta b\u00e1sica: \u00bfc\u00f3mo gestionar y expandir el <strong>poder<\/strong> latente en cada una de las 4 dimensiones constitutivas del emprendedor: su cuerpo f\u00edsico, las emociones, el lenguaje y una dimensi\u00f3n \u00e9tico espiritual.\u201d.<\/p>\n\n\n\n<p>El tercer tema es el modelo ideal de empresa y el cuarto el hilo que lo entrelaza todo, es decir \u201cel camino del emprendedor es un camino de aprendizaje constante. Su comprensi\u00f3n proviene de la neurociencia, la psicolog\u00eda y la sociolog\u00eda, entre otras disciplinas, pero tambi\u00e9n de las vivencias\u201d.<\/p>\n\n\n\n<p>Amanda Saldivia<\/p>\n\n\n\n<p>CNP 6.664<\/p>\n\n\n\n<p>@amandasaldivia<\/p>\n","protected":false},"excerpt":{"rendered":"<p>Jes\u00fas Alberto P\u00e9rez, conjug\u00f3 la formaci\u00f3n acad\u00e9mica y los conocimientos en el campo de la administraci\u00f3n p\u00fablica, el \u00e1mbito privado y la docencia, adem\u00e1s de las reflexiones sobre su experiencia de vida, para presentar el libro de su autor\u00eda que lleva por t\u00edtulo Enciende los 4 poderes del emprendedor, obra<\/p>\n","protected":false},"author":2,"featured_media":9623,"comment_status":"open","ping_status":"open","sticky":false,"template":"","format":"standard","meta":{"advanced_seo_description":"","jetpack_seo_html_title":"","jetpack_seo_noindex":false,"_jetpack_memberships_contains_paid_content":false,"footnotes":"","jetpack_publicize_message":"","jetpack_publicize_feature_enabled":true,"jetpack_social_post_already_shared":true,"jetpack_social_options":{"image_generator_settings":{"template":"highway","enabled":false},"version":2}},"categories":[231,251],"tags":[8,7,32],"class_list":["post-9622","post","type-post","status-publish","format-standard","has-post-thumbnail","hentry","category-emprendedores","category-webdealta","tag-altagraciadeorituco","tag-guarico","tag-webdealta",""],"jetpack_publicize_connections":[],"jetpack_featured_media_url":"https:\/\/webdealta.info\/wp-content\/uploads\/2025\/10\/51f77125-ca81-4012-9b55-d43184a7e3ff.jpeg","jetpack_sharing_enabled":true,"jetpack_likes_enabled":true,"jetpack-related-posts":[],"jetpack_shortlink":"https:\/\/wp.me\/pcseDn-2vc","_links":{"self":[{"href":"https:\/\/webdealta.info\/index.php?rest_route=\/wp\/v2\/posts\/9622","targetHints":{"allow":["GET"]}}],"collection":[{"href":"https:\/\/webdealta.info\/index.php?rest_route=\/wp\/v2\/posts"}],"about":[{"href":"https:\/\/webdealta.info\/index.php?rest_route=\/wp\/v2\/types\/post"}],"author":[{"embeddable":true,"href":"https:\/\/webdealta.info\/index.php?rest_route=\/wp\/v2\/users\/2"}],"replies":[{"embeddable":true,"href":"https:\/\/webdealta.info\/index.php?rest_route=%2Fwp%2Fv2%2Fcomments&post=9622"}],"version-history":[{"count":1,"href":"https:\/\/webdealta.info\/index.php?rest_route=\/wp\/v2\/posts\/9622\/revisions"}],"predecessor-version":[{"id":9624,"href":"https:\/\/webdealta.info\/index.php?rest_route=\/wp\/v2\/posts\/9622\/revisions\/9624"}],"wp:featuredmedia":[{"embeddable":true,"href":"https:\/\/webdealta.info\/index.php?rest_route=\/wp\/v2\/media\/9623"}],"wp:attachment":[{"href":"https:\/\/webdealta.info\/index.php?rest_route=%2Fwp%2Fv2%2Fmedia&parent=9622"}],"wp:term":[{"taxonomy":"category","embeddable":true,"href":"https:\/\/webdealta.info\/index.php?rest_route=%2Fwp%2Fv2%2Fcategories&post=9622"},{"taxonomy":"post_tag","embeddable":true,"href":"https:\/\/webdealta.info\/index.php?rest_route=%2Fwp%2Fv2%2Ftags&post=9622"}],"curies":[{"name":"wp","href":"https:\/\/api.w.org\/{rel}","templated":true}]}}