{"id":9617,"date":"2025-10-13T11:58:22","date_gmt":"2025-10-13T15:58:22","guid":{"rendered":"https:\/\/webdealta.info\/?p=9617"},"modified":"2025-10-13T11:58:23","modified_gmt":"2025-10-13T15:58:23","slug":"comenzo-7ma-edicion-del-certamen-senorita-altagracia","status":"publish","type":"post","link":"https:\/\/webdealta.info\/?p=9617","title":{"rendered":"Comenz\u00f3 7ma. edici\u00f3n del certamen Se\u00f1orita Altagracia"},"content":{"rendered":"\n<p>Con las fotos de presentaci\u00f3n inici\u00f3 formalmente la s\u00e9ptima edici\u00f3n del certamen Se\u00f1orita Altagracia, evento de belleza de esta localidad guarique\u00f1a, bajo la direcci\u00f3n de Carlos Pimentel.<\/p>\n\n\n\n<figure class=\"wp-block-image size-large\"><img loading=\"lazy\" decoding=\"async\" width=\"1024\" height=\"546\" src=\"https:\/\/webdealta.info\/wp-content\/uploads\/2025\/10\/reinas-225-senorita-webdealta-1024x546.png\" alt=\"\" class=\"wp-image-9619\" srcset=\"https:\/\/webdealta.info\/wp-content\/uploads\/2025\/10\/reinas-225-senorita-webdealta.png 1024w, https:\/\/webdealta.info\/wp-content\/uploads\/2025\/10\/reinas-225-senorita-webdealta.png 300w, https:\/\/webdealta.info\/wp-content\/uploads\/2025\/10\/reinas-225-senorita-webdealta.png 768w, https:\/\/webdealta.info\/wp-content\/uploads\/2025\/10\/reinas-225-senorita-webdealta.png 1170w, https:\/\/webdealta.info\/wp-content\/uploads\/2025\/10\/reinas-225-senorita-webdealta.png 1500w, https:\/\/webdealta.info\/wp-content\/uploads\/2025\/10\/reinas-225-senorita-webdealta.png 1280w\" sizes=\"auto, (max-width: 640px) 100vw, 640px\" \/><\/figure>\n\n\n\n<p>Este a\u00f1o 2025 son seis las participantes en la categor\u00eda infantil y cinco en la juvenil, quienes a partir de este momento inician la carrera por la corona, la cual contempla varias etapas, entre ellas imposici\u00f3n de bandas, prueba de talentos, presentaci\u00f3n a la prensa, entrevista con el jurado y la gala final, pautada para el venidero mes de diciembre.<\/p>\n\n\n\n<p>Las candidatas de la categor\u00eda infantil son Bianca Correa, Amber Hern\u00e1ndez, Amy Tamayo, Arianna Giordano, Anilec Abreu y Paulina Rond\u00f3n; mientras que las participantes en juvenil son Fabiana Castillo, Stefany Duque, G\u00e9nesis S\u00e1nchez, Brythatnys Mejias y Rebeca Padr\u00f3n.<\/p>\n\n\n\n<p>Amanda Saldivia<br>CNP 6664<br><a>@amandasaldivia<\/a><\/p>\n","protected":false},"excerpt":{"rendered":"<p>Con las fotos de presentaci\u00f3n inici\u00f3 formalmente la s\u00e9ptima edici\u00f3n del certamen Se\u00f1orita Altagracia, evento de belleza de esta localidad guarique\u00f1a, bajo la direcci\u00f3n de Carlos Pimentel. Este a\u00f1o 2025 son seis las participantes en la categor\u00eda infantil y cinco en la juvenil, quienes a partir de este momento inician<\/p>\n","protected":false},"author":2,"featured_media":9618,"comment_status":"open","ping_status":"open","sticky":false,"template":"","format":"standard","meta":{"advanced_seo_description":"","jetpack_seo_html_title":"","jetpack_seo_noindex":false,"_jetpack_memberships_contains_paid_content":false,"footnotes":"","jetpack_publicize_message":"","jetpack_publicize_feature_enabled":true,"jetpack_social_post_already_shared":true,"jetpack_social_options":{"image_generator_settings":{"template":"highway","enabled":false},"version":2}},"categories":[320,251],"tags":[8,7,32],"class_list":["post-9617","post","type-post","status-publish","format-standard","has-post-thumbnail","hentry","category-belleza","category-webdealta","tag-altagraciadeorituco","tag-guarico","tag-webdealta",""],"jetpack_publicize_connections":[],"jetpack_featured_media_url":"https:\/\/webdealta.info\/wp-content\/uploads\/2025\/10\/senorita-2025-webdealta.png","jetpack_sharing_enabled":true,"jetpack_likes_enabled":true,"jetpack-related-posts":[],"jetpack_shortlink":"https:\/\/wp.me\/pcseDn-2v7","_links":{"self":[{"href":"https:\/\/webdealta.info\/index.php?rest_route=\/wp\/v2\/posts\/9617","targetHints":{"allow":["GET"]}}],"collection":[{"href":"https:\/\/webdealta.info\/index.php?rest_route=\/wp\/v2\/posts"}],"about":[{"href":"https:\/\/webdealta.info\/index.php?rest_route=\/wp\/v2\/types\/post"}],"author":[{"embeddable":true,"href":"https:\/\/webdealta.info\/index.php?rest_route=\/wp\/v2\/users\/2"}],"replies":[{"embeddable":true,"href":"https:\/\/webdealta.info\/index.php?rest_route=%2Fwp%2Fv2%2Fcomments&post=9617"}],"version-history":[{"count":1,"href":"https:\/\/webdealta.info\/index.php?rest_route=\/wp\/v2\/posts\/9617\/revisions"}],"predecessor-version":[{"id":9620,"href":"https:\/\/webdealta.info\/index.php?rest_route=\/wp\/v2\/posts\/9617\/revisions\/9620"}],"wp:featuredmedia":[{"embeddable":true,"href":"https:\/\/webdealta.info\/index.php?rest_route=\/wp\/v2\/media\/9618"}],"wp:attachment":[{"href":"https:\/\/webdealta.info\/index.php?rest_route=%2Fwp%2Fv2%2Fmedia&parent=9617"}],"wp:term":[{"taxonomy":"category","embeddable":true,"href":"https:\/\/webdealta.info\/index.php?rest_route=%2Fwp%2Fv2%2Fcategories&post=9617"},{"taxonomy":"post_tag","embeddable":true,"href":"https:\/\/webdealta.info\/index.php?rest_route=%2Fwp%2Fv2%2Ftags&post=9617"}],"curies":[{"name":"wp","href":"https:\/\/api.w.org\/{rel}","templated":true}]}}