{"id":9594,"date":"2025-09-24T11:32:02","date_gmt":"2025-09-24T15:32:02","guid":{"rendered":"https:\/\/webdealta.info\/?p=9594"},"modified":"2025-09-25T07:14:11","modified_gmt":"2025-09-25T11:14:11","slug":"bautizo-y-encuentro-nacional-de-burriquitas-en-altagracia","status":"publish","type":"post","link":"https:\/\/webdealta.info\/?p=9594","title":{"rendered":"Bautizo y Encuentro Nacional de Burriquitas en Altagracia"},"content":{"rendered":"\n<p>Con el bautizo de las pollinas, burriquitas y burras, inicia la programaci\u00f3n que marca el primer encuentro nacional de esa manifestaci\u00f3n cultural en el Orituco, organizada por la fundaci\u00f3n Los Ramones, como parte de la festividad en honor a San Miguel Arc\u00e1ngel, Santo Patrono del municipio Jos\u00e9 Tadeo Monagas, Gu\u00e1rico.<\/p>\n\n\n\n<p>Al respecto, Betty Aguilar, Yaury Aviles, Darimar Gonz\u00e1lez, Edgar Canache y Pedro Maurel, miembros de FC Los Ramones, explicaron que de acuerdo a la tradici\u00f3n, los integrantes deben ser bautizados para formar parte del movimiento nacional de Burriquitas.<\/p>\n\n\n\n<p>Por esa raz\u00f3n, el padre Luis M\u00e1rquez oficiar\u00e1 una misa, el pr\u00f3ximo viernes 26 de septiembre, a las 9:00&nbsp;am, en el templo San Jos\u00e9 Obrero, con la finalidad de bautizar a las 64 burriquitas del Orituco.<\/p>\n\n\n\n<p>Respecto al Primer Encuentro Nacional pautado para el s\u00e1bado 27 de septiembre, precisaron que vienen m\u00e1s de 15 agrupaciones de distintas zonas del pa\u00eds, entre ellas de los estados Miranda, Aragua, Anzo\u00e1tegui y Gu\u00e1rico.<\/p>\n\n\n\n<p>Para ese d\u00eda s\u00e1bado, la concentraci\u00f3n ser\u00e1 a partir de las 9:00&nbsp;am en el estadio \u00c1ngel Santiago Gonz\u00e1lez, para partir en el recorrido por la calle Ilustres Pr\u00f3ceres, Bol\u00edvar y Jos\u00e9 Mart\u00ed, hasta llegar a las afueras del Palacio Municipal, donde ser\u00e1 el acto central o \u00abburrada\u00bb, como se le conoce.<\/p>\n\n\n\n<p>Los integrantes de la fundaci\u00f3n cultural Los Ramones, explicaron en el programa radial Tiempo de Cambios por la emisora Activa 104.9 FM, que la iniciativa busca avivar el movimiento de Burriquitas en el Orituco, el cual tiene exponentes destacados, entre ellos Francisco Laya, Eva Suarez y Mar\u00eda Carrillo, quienes ser\u00e1n homenajeados por los a\u00f1os de trayectoria.<\/p>\n\n\n\n<p>Amanda Saldivia<br>CNP 6.664<br><a>@amandasaldivia<\/a><br><\/p>\n","protected":false},"excerpt":{"rendered":"<p>Con el bautizo de las pollinas, burriquitas y burras, inicia la programaci\u00f3n que marca el primer encuentro nacional de esa manifestaci\u00f3n cultural en el Orituco, organizada por la fundaci\u00f3n Los Ramones, como parte de la festividad en honor a San Miguel Arc\u00e1ngel, Santo Patrono del municipio Jos\u00e9 Tadeo Monagas, Gu\u00e1rico.<\/p>\n","protected":false},"author":2,"featured_media":9595,"comment_status":"open","ping_status":"open","sticky":false,"template":"","format":"standard","meta":{"advanced_seo_description":"","jetpack_seo_html_title":"","jetpack_seo_noindex":false,"_jetpack_memberships_contains_paid_content":false,"footnotes":"","jetpack_publicize_message":"","jetpack_publicize_feature_enabled":true,"jetpack_social_post_already_shared":true,"jetpack_social_options":{"image_generator_settings":{"template":"highway","enabled":false},"version":2}},"categories":[260,251],"tags":[8,7,32],"class_list":["post-9594","post","type-post","status-publish","format-standard","has-post-thumbnail","hentry","category-tradiciones","category-webdealta","tag-altagraciadeorituco","tag-guarico","tag-webdealta",""],"jetpack_publicize_connections":[],"jetpack_featured_media_url":"https:\/\/webdealta.info\/wp-content\/uploads\/2025\/09\/burriquitas-del-Orituco-webdealta.png","jetpack_sharing_enabled":true,"jetpack_likes_enabled":true,"jetpack-related-posts":[],"jetpack_shortlink":"https:\/\/wp.me\/pcseDn-2uK","_links":{"self":[{"href":"https:\/\/webdealta.info\/index.php?rest_route=\/wp\/v2\/posts\/9594","targetHints":{"allow":["GET"]}}],"collection":[{"href":"https:\/\/webdealta.info\/index.php?rest_route=\/wp\/v2\/posts"}],"about":[{"href":"https:\/\/webdealta.info\/index.php?rest_route=\/wp\/v2\/types\/post"}],"author":[{"embeddable":true,"href":"https:\/\/webdealta.info\/index.php?rest_route=\/wp\/v2\/users\/2"}],"replies":[{"embeddable":true,"href":"https:\/\/webdealta.info\/index.php?rest_route=%2Fwp%2Fv2%2Fcomments&post=9594"}],"version-history":[{"count":3,"href":"https:\/\/webdealta.info\/index.php?rest_route=\/wp\/v2\/posts\/9594\/revisions"}],"predecessor-version":[{"id":9598,"href":"https:\/\/webdealta.info\/index.php?rest_route=\/wp\/v2\/posts\/9594\/revisions\/9598"}],"wp:featuredmedia":[{"embeddable":true,"href":"https:\/\/webdealta.info\/index.php?rest_route=\/wp\/v2\/media\/9595"}],"wp:attachment":[{"href":"https:\/\/webdealta.info\/index.php?rest_route=%2Fwp%2Fv2%2Fmedia&parent=9594"}],"wp:term":[{"taxonomy":"category","embeddable":true,"href":"https:\/\/webdealta.info\/index.php?rest_route=%2Fwp%2Fv2%2Fcategories&post=9594"},{"taxonomy":"post_tag","embeddable":true,"href":"https:\/\/webdealta.info\/index.php?rest_route=%2Fwp%2Fv2%2Ftags&post=9594"}],"curies":[{"name":"wp","href":"https:\/\/api.w.org\/{rel}","templated":true}]}}