{"id":9583,"date":"2025-09-18T10:24:42","date_gmt":"2025-09-18T14:24:42","guid":{"rendered":"https:\/\/webdealta.info\/?p=9583"},"modified":"2025-09-18T10:24:43","modified_gmt":"2025-09-18T14:24:43","slug":"ii-simposio-sobre-autismo-organizan-en-calabozo","status":"publish","type":"post","link":"https:\/\/webdealta.info\/?p=9583","title":{"rendered":"II Simposio sobre Autismo organizan en Calabozo"},"content":{"rendered":"\n<p>En la poblaci\u00f3n de Calabozo, municipio Miranda del estado Gu\u00e1rico, se estar\u00e1 realizando el II Simposio de Autismo, el venidero 18 de octubre. Un equipo de especialistas en la materia y conocedores del tema del autismo, organizan este segundo simposio. El mismo se estar\u00e1 llevando a cabo con una serie de ponencias, en el complejo Educativo Francisco Feo desde las 08 am.<\/p>\n\n\n\n<p>La informaci\u00f3n fue suministrada por la doctora Carolina Guti\u00e9rrez representante del Centro M\u00e9dico Am\u00e9n y coordinadora del II Simposio del Trastorno del Espectro Autista. Asegur\u00f3 la especialista que el evento se enmarca en una perspectiva \u00e9tica, neuroafirmativa y con enfoque hol\u00edstico\u201d.<\/p>\n\n\n\n<p>Entre los temas que se abordar\u00e1n figura: el autismo y embarazo a cargo de Ana Yanez, ginec\u00f3logo obstetra. Al evento tambi\u00e9n est\u00e1 invitada la profesora Elizabeth de Gouveia quien abordar\u00e1 el tema del autismo en familia.<\/p>\n\n\n\n<p>As\u00ed mismo el Dr. Jean Carlos Moya, m\u00e9dico internista y alerg\u00f3logo, Carmen Mora m\u00e9dico psiquiatra, Aleida Changir y Sugeydi Diaz docentes, entre otras.<\/p>\n\n\n\n<p>Se trata de un amplio programa que se llevar\u00e1 a cabo en un ambiente acorde, en el cual podr\u00e1n participar como asistentes: padres, representantes y familiares de personas autistas. As\u00ed mismo se invita a especialistas, docentes y dem\u00e1s interesados.<\/p>\n\n\n\n<p>Para m\u00e1s informaci\u00f3n puedes comunicarte a trav\u00e9s de los n\u00fameros telef\u00f3nicos 0414 5874010 y 0412 8254698.<\/p>\n\n\n\n<p>Orlando Medina Bencomo CNP 26637<br><br><\/p>\n","protected":false},"excerpt":{"rendered":"<p>En la poblaci\u00f3n de Calabozo, municipio Miranda del estado Gu\u00e1rico, se estar\u00e1 realizando el II Simposio de Autismo, el venidero 18 de octubre. Un equipo de especialistas en la materia y conocedores del tema del autismo, organizan este segundo simposio. El mismo se estar\u00e1 llevando a cabo con una serie<\/p>\n","protected":false},"author":2,"featured_media":9584,"comment_status":"open","ping_status":"open","sticky":false,"template":"","format":"standard","meta":{"advanced_seo_description":"","jetpack_seo_html_title":"","jetpack_seo_noindex":false,"_jetpack_memberships_contains_paid_content":false,"footnotes":"","jetpack_publicize_message":"","jetpack_publicize_feature_enabled":true,"jetpack_social_post_already_shared":true,"jetpack_social_options":{"image_generator_settings":{"template":"highway","enabled":false},"version":2}},"categories":[66,251],"tags":[8,7,32],"class_list":["post-9583","post","type-post","status-publish","format-standard","has-post-thumbnail","hentry","category-regionales","category-webdealta","tag-altagraciadeorituco","tag-guarico","tag-webdealta",""],"jetpack_publicize_connections":[],"jetpack_featured_media_url":"https:\/\/webdealta.info\/wp-content\/uploads\/2025\/09\/tubazo-autismo-2025-webdealta.png","jetpack_sharing_enabled":true,"jetpack_likes_enabled":true,"jetpack-related-posts":[],"jetpack_shortlink":"https:\/\/wp.me\/pcseDn-2uz","_links":{"self":[{"href":"https:\/\/webdealta.info\/index.php?rest_route=\/wp\/v2\/posts\/9583","targetHints":{"allow":["GET"]}}],"collection":[{"href":"https:\/\/webdealta.info\/index.php?rest_route=\/wp\/v2\/posts"}],"about":[{"href":"https:\/\/webdealta.info\/index.php?rest_route=\/wp\/v2\/types\/post"}],"author":[{"embeddable":true,"href":"https:\/\/webdealta.info\/index.php?rest_route=\/wp\/v2\/users\/2"}],"replies":[{"embeddable":true,"href":"https:\/\/webdealta.info\/index.php?rest_route=%2Fwp%2Fv2%2Fcomments&post=9583"}],"version-history":[{"count":1,"href":"https:\/\/webdealta.info\/index.php?rest_route=\/wp\/v2\/posts\/9583\/revisions"}],"predecessor-version":[{"id":9585,"href":"https:\/\/webdealta.info\/index.php?rest_route=\/wp\/v2\/posts\/9583\/revisions\/9585"}],"wp:featuredmedia":[{"embeddable":true,"href":"https:\/\/webdealta.info\/index.php?rest_route=\/wp\/v2\/media\/9584"}],"wp:attachment":[{"href":"https:\/\/webdealta.info\/index.php?rest_route=%2Fwp%2Fv2%2Fmedia&parent=9583"}],"wp:term":[{"taxonomy":"category","embeddable":true,"href":"https:\/\/webdealta.info\/index.php?rest_route=%2Fwp%2Fv2%2Fcategories&post=9583"},{"taxonomy":"post_tag","embeddable":true,"href":"https:\/\/webdealta.info\/index.php?rest_route=%2Fwp%2Fv2%2Ftags&post=9583"}],"curies":[{"name":"wp","href":"https:\/\/api.w.org\/{rel}","templated":true}]}}