{"id":9579,"date":"2025-09-18T10:17:03","date_gmt":"2025-09-18T14:17:03","guid":{"rendered":"https:\/\/webdealta.info\/?p=9579"},"modified":"2025-09-18T10:17:04","modified_gmt":"2025-09-18T14:17:04","slug":"constituidas-comisiones-de-trabajo-del-concejo-municipal","status":"publish","type":"post","link":"https:\/\/webdealta.info\/?p=9579","title":{"rendered":"Constituidas comisiones de trabajo del Concejo Municipal"},"content":{"rendered":"\n<p>En sesi\u00f3n ordinaria Nro. 016-2015, celebrada este 17 de septiembre, los ediles del municipio Jos\u00e9 Tadeo Monagas prestaron juramento como integrantes de las comisiones que trabajar\u00e1n en las \u00e1reas de Legislaci\u00f3n; Ciudades Humanas para el bien vivir de los Servicios P\u00fablicos e Infraestructura; Ecosocialismo, Ciencia y Tecnolog\u00eda, Geopol\u00edtica, Paz e Integraci\u00f3n; Pol\u00edtica y Poder Popular; Protecci\u00f3n, Desarrollo Social, Salud, Deporte y Comunicaci\u00f3n; Seguridad Ciudadana, defensa e integridad territorial.<\/p>\n\n\n\n<p>Al respecto, Susana Sayegh, presidente de ese ente legislativo, destac\u00f3 la importancia de la organizaci\u00f3n interna y la conformaci\u00f3n de las comisiones permanentes de trabajo, porque son \u00abherramientas fundamentales para garantizar la eficiencia legislativa, la supervisi\u00f3n de la gesti\u00f3n p\u00fablica y el fortalecimiento de la democracia participativa en el municipio\u00bb.<\/p>\n\n\n\n<p>Sobre el Plan de Comisiones aprobado, precis\u00f3 que \u00abpermitir\u00e1 articular de manera m\u00e1s efectiva las iniciativas del poder legislativo local con los proyectos de desarrollo comunitario, priorizando \u00e1reas claves como los servicios p\u00fablicos, la atenci\u00f3n social, la econom\u00eda comunal y la defensa del poder popular\u00bb.<\/p>\n\n\n\n<p>A continuaci\u00f3n las comisiones y los ediles que las integran:<\/p>\n\n\n\n<p><strong>Comisi\u00f3n Permanente de Legislaci\u00f3n:<\/strong><br>Presidenta: Susana Sayegh<br>Vicepresidente: Demetrio flores<br>Concejal Virginia Sierra<br>Concejal Tirso \u00c1lvarez<br>Concejal Luis del Corral<br>Concejal Jos\u00e9 Arias<br>Concejal Fernando Saldivia<br>Concejal Arminda Ruiz<br>Concejal Yuruma Mendoza<br>Concejal Enyelber Zambrano<br>Concejal Idilia D\u00edaz<br>Concejal Katiuska P\u00e9rez<\/p>\n\n\n\n<p><strong>Comisi\u00f3n de Econom\u00eda, Desarrollo, Contralor\u00eda; Hacienda Municipal y Bienes Municipales<\/strong>:<br>Presidente Julio Silvera<br>Vicepresidente Demetrio Flores<br>Secretario Enyelber Zambrano<\/p>\n\n\n\n<p><strong>Comisi\u00f3n de Ciudades Humanas para el Buen Vivir, Servicios P\u00fablicos e infraestructura<\/strong>:<br>Presidenta Virginia Sierra<br>Vicepresidente Jos\u00e9 Arias<br>Secretaria Katiuska P\u00e9rez<\/p>\n\n\n\n<p><strong>Comisi\u00f3n de Seguridad Ciudadana, Defensa e Integridad Territorial:<\/strong><br>Presidente: Tirso \u00c1lvarez<br>Vicepresidenta Susana Sayegh<br>Secretaria Idilia D\u00edaz<\/p>\n\n\n\n<p><strong>Comisi\u00f3n de Protecci\u00f3n y Desarrollo Social, Educaci\u00f3n, Salud, Cultura, Deporte, Comunicaci\u00f3n y Bienestar:<\/strong><br>Presidente Jos\u00e9 Arias<br>Vicepresidenta Idilia D\u00edaz<br>Secretaria Arminda Ruiz<\/p>\n\n\n\n<p><strong>Comisi\u00f3n de Pol\u00edtica y Poder Popular y nuevos m\u00e9todos de gobierno revolucionario<\/strong>:<br>Presidente Demetrio Flores<br>Vicepresidente Tirso \u00c1lvarez<br>Secretaria Yesiyelena Tavera<\/p>\n\n\n\n<p><strong>Comisi\u00f3n de Ecosocialismo, Ciencia y tecnolog\u00eda:<\/strong><br>Presidenta: Susana Sayegh<br>Vicepresidente: Demetrio flores<br>Concejal Virginia Sierra<br>Concejal Tirso \u00c1lvarez<br>Concejal Luis del Corral<br>Concejal Jos\u00e9 Arias<br>Concejal Fernando saldivia<br>Concejal Arminda Ruiz<br>Concejal Yuruma Mendoza<br>Concejal Enyelber Zambrano<br>Concejal Idilia D\u00edaz<br>Concejal katiuska P\u00e9rez<\/p>\n\n\n\n<p><strong>Comisi\u00f3n para la Geopol\u00edtica, Paz e Integraci\u00f3n:<\/strong><br>Presidente Luis del Corral<br>Vicepresidente Fernando Saldivia<br>Secretaria Yoruma Mendoza<\/p>\n\n\n\n<p><strong>Amanda Saldivia<br>CNP 6664<br><a>@amandasaldivia<\/a><br><\/strong><br><\/p>\n","protected":false},"excerpt":{"rendered":"<p>En sesi\u00f3n ordinaria Nro. 016-2015, celebrada este 17 de septiembre, los ediles del municipio Jos\u00e9 Tadeo Monagas prestaron juramento como integrantes de las comisiones que trabajar\u00e1n en las \u00e1reas de Legislaci\u00f3n; Ciudades Humanas para el bien vivir de los Servicios P\u00fablicos e Infraestructura; Ecosocialismo, Ciencia y Tecnolog\u00eda, Geopol\u00edtica, Paz e<\/p>\n","protected":false},"author":2,"featured_media":9580,"comment_status":"open","ping_status":"open","sticky":false,"template":"","format":"standard","meta":{"advanced_seo_description":"","jetpack_seo_html_title":"","jetpack_seo_noindex":false,"_jetpack_memberships_contains_paid_content":false,"footnotes":"","jetpack_publicize_message":"","jetpack_publicize_feature_enabled":true,"jetpack_social_post_already_shared":true,"jetpack_social_options":{"image_generator_settings":{"template":"highway","enabled":false},"version":2}},"categories":[294,251],"tags":[8,7,32],"class_list":["post-9579","post","type-post","status-publish","format-standard","has-post-thumbnail","hentry","category-concejo-municipal","category-webdealta","tag-altagraciadeorituco","tag-guarico","tag-webdealta",""],"jetpack_publicize_connections":[],"jetpack_featured_media_url":"https:\/\/webdealta.info\/wp-content\/uploads\/2025\/09\/ediles-webdealta-2025.png","jetpack_sharing_enabled":true,"jetpack_likes_enabled":true,"jetpack-related-posts":[],"jetpack_shortlink":"https:\/\/wp.me\/pcseDn-2uv","_links":{"self":[{"href":"https:\/\/webdealta.info\/index.php?rest_route=\/wp\/v2\/posts\/9579","targetHints":{"allow":["GET"]}}],"collection":[{"href":"https:\/\/webdealta.info\/index.php?rest_route=\/wp\/v2\/posts"}],"about":[{"href":"https:\/\/webdealta.info\/index.php?rest_route=\/wp\/v2\/types\/post"}],"author":[{"embeddable":true,"href":"https:\/\/webdealta.info\/index.php?rest_route=\/wp\/v2\/users\/2"}],"replies":[{"embeddable":true,"href":"https:\/\/webdealta.info\/index.php?rest_route=%2Fwp%2Fv2%2Fcomments&post=9579"}],"version-history":[{"count":1,"href":"https:\/\/webdealta.info\/index.php?rest_route=\/wp\/v2\/posts\/9579\/revisions"}],"predecessor-version":[{"id":9581,"href":"https:\/\/webdealta.info\/index.php?rest_route=\/wp\/v2\/posts\/9579\/revisions\/9581"}],"wp:featuredmedia":[{"embeddable":true,"href":"https:\/\/webdealta.info\/index.php?rest_route=\/wp\/v2\/media\/9580"}],"wp:attachment":[{"href":"https:\/\/webdealta.info\/index.php?rest_route=%2Fwp%2Fv2%2Fmedia&parent=9579"}],"wp:term":[{"taxonomy":"category","embeddable":true,"href":"https:\/\/webdealta.info\/index.php?rest_route=%2Fwp%2Fv2%2Fcategories&post=9579"},{"taxonomy":"post_tag","embeddable":true,"href":"https:\/\/webdealta.info\/index.php?rest_route=%2Fwp%2Fv2%2Ftags&post=9579"}],"curies":[{"name":"wp","href":"https:\/\/api.w.org\/{rel}","templated":true}]}}