{"id":9575,"date":"2025-09-10T21:41:18","date_gmt":"2025-09-11T01:41:18","guid":{"rendered":"https:\/\/webdealta.info\/?p=9575"},"modified":"2025-09-10T21:41:19","modified_gmt":"2025-09-11T01:41:19","slug":"cicpc-altagracia-conmemoro-el-dia-mundial-de-la-prevencion-del-suicidio","status":"publish","type":"post","link":"https:\/\/webdealta.info\/?p=9575","title":{"rendered":"CICPC Altagracia conmemor\u00f3 el D\u00eda Mundial de la Prevenci\u00f3n del Suicidio"},"content":{"rendered":"\n<p>En el marco del D\u00eda Mundial de la Prevenci\u00f3n del Suicidio, la Delegaci\u00f3n del Cuerpo de Investigaciones Cient\u00edficas, Penales y Criminal\u00edsticas (CICPC) de Altagracia de Orituco, organiz\u00f3 una caminata que parti\u00f3 desde el distribuidor Manuel R\u00edos, en el municipio Jos\u00e9 Tadeo Monagas, hasta las instalaciones de la subdelegaci\u00f3n en esta localidad guarique\u00f1a.<\/p>\n\n\n\n<p>La actividad fue encabezada por el C\/G Jos\u00e9 Moreno, director de la Delegaci\u00f3n Gu\u00e1rico, junto al C\/G Franklin Le\u00f3n, supervisor, el C\/G Jos\u00e9 Antonie Ram\u00edrez, jefe de la delegaci\u00f3n Altagracia de Orituco, y el C\/J Jonathan Mijares. Tambi\u00e9n participaron la Dra. Susana Sayegh, presidenta de la C\u00e1mara Municipal, as\u00ed como representantes de diversos organismos e instituciones entre los que destacan la Polic\u00eda del estado Gu\u00e1rico, el Instituto de la Mujer, la C\u00e1mara Municipal, Inmugua, Intt, Polic\u00eda Nacional Bolivariana (PNB) y el cuerpo de Bomberos.<\/p>\n\n\n\n<p>Durante el recorrido, los funcionarios entregaron volantes informativos y mensajes de sensibilizaci\u00f3n, con el objetivo de generar conciencia en la poblaci\u00f3n sobre la importancia de atender la salud mental y fomentar la prevenci\u00f3n del suicidio.<\/p>\n\n\n\n<p>La caminata culmin\u00f3 en la sede de la subdelegaci\u00f3n del CICPC en Altagracia de Orituco, donde se resalt\u00f3 el compromiso de los cuerpos de seguridad y las instituciones locales en la promoci\u00f3n de valores de vida, la uni\u00f3n familiar y el acompa\u00f1amiento comunitario.<\/p>\n\n\n\n<p>Con este acto conmemorativo, el CICPC y las autoridades municipales reafirmaron su disposici\u00f3n a seguir trabajando de manera articulada en la construcci\u00f3n de una sociedad m\u00e1s consciente, emp\u00e1tica y solidaria frente a una problem\u00e1tica que afecta a miles de personas en el mundo.<\/p>\n\n\n\n<p>Prensa Concejo Municipal&nbsp;<\/p>\n\n\n\n<p>Fotos cortes\u00eda<\/p>\n","protected":false},"excerpt":{"rendered":"<p>En el marco del D\u00eda Mundial de la Prevenci\u00f3n del Suicidio, la Delegaci\u00f3n del Cuerpo de Investigaciones Cient\u00edficas, Penales y Criminal\u00edsticas (CICPC) de Altagracia de Orituco, organiz\u00f3 una caminata que parti\u00f3 desde el distribuidor Manuel R\u00edos, en el municipio Jos\u00e9 Tadeo Monagas, hasta las instalaciones de la subdelegaci\u00f3n en esta<\/p>\n","protected":false},"author":2,"featured_media":9576,"comment_status":"open","ping_status":"open","sticky":false,"template":"","format":"standard","meta":{"advanced_seo_description":"","jetpack_seo_html_title":"","jetpack_seo_noindex":false,"_jetpack_memberships_contains_paid_content":false,"footnotes":"","jetpack_publicize_message":"","jetpack_publicize_feature_enabled":true,"jetpack_social_post_already_shared":true,"jetpack_social_options":{"image_generator_settings":{"template":"highway","enabled":false},"version":2}},"categories":[335,251],"tags":[8,7,32],"class_list":["post-9575","post","type-post","status-publish","format-standard","has-post-thumbnail","hentry","category-locales","category-webdealta","tag-altagraciadeorituco","tag-guarico","tag-webdealta",""],"jetpack_publicize_connections":[],"jetpack_featured_media_url":"https:\/\/webdealta.info\/wp-content\/uploads\/2025\/09\/9484d9ea-12a5-4942-bb70-c465879e8323.jpeg","jetpack_sharing_enabled":true,"jetpack_likes_enabled":true,"jetpack-related-posts":[],"jetpack_shortlink":"https:\/\/wp.me\/pcseDn-2ur","_links":{"self":[{"href":"https:\/\/webdealta.info\/index.php?rest_route=\/wp\/v2\/posts\/9575","targetHints":{"allow":["GET"]}}],"collection":[{"href":"https:\/\/webdealta.info\/index.php?rest_route=\/wp\/v2\/posts"}],"about":[{"href":"https:\/\/webdealta.info\/index.php?rest_route=\/wp\/v2\/types\/post"}],"author":[{"embeddable":true,"href":"https:\/\/webdealta.info\/index.php?rest_route=\/wp\/v2\/users\/2"}],"replies":[{"embeddable":true,"href":"https:\/\/webdealta.info\/index.php?rest_route=%2Fwp%2Fv2%2Fcomments&post=9575"}],"version-history":[{"count":1,"href":"https:\/\/webdealta.info\/index.php?rest_route=\/wp\/v2\/posts\/9575\/revisions"}],"predecessor-version":[{"id":9577,"href":"https:\/\/webdealta.info\/index.php?rest_route=\/wp\/v2\/posts\/9575\/revisions\/9577"}],"wp:featuredmedia":[{"embeddable":true,"href":"https:\/\/webdealta.info\/index.php?rest_route=\/wp\/v2\/media\/9576"}],"wp:attachment":[{"href":"https:\/\/webdealta.info\/index.php?rest_route=%2Fwp%2Fv2%2Fmedia&parent=9575"}],"wp:term":[{"taxonomy":"category","embeddable":true,"href":"https:\/\/webdealta.info\/index.php?rest_route=%2Fwp%2Fv2%2Fcategories&post=9575"},{"taxonomy":"post_tag","embeddable":true,"href":"https:\/\/webdealta.info\/index.php?rest_route=%2Fwp%2Fv2%2Ftags&post=9575"}],"curies":[{"name":"wp","href":"https:\/\/api.w.org\/{rel}","templated":true}]}}