{"id":9571,"date":"2025-09-08T12:17:39","date_gmt":"2025-09-08T16:17:39","guid":{"rendered":"https:\/\/webdealta.info\/?p=9571"},"modified":"2025-09-08T12:17:40","modified_gmt":"2025-09-08T16:17:40","slug":"hace-ocho-anos-colapso-puente-de-paso-del-medio","status":"publish","type":"post","link":"https:\/\/webdealta.info\/?p=9571","title":{"rendered":"Hace ocho a\u00f1os colapso puente de Paso del Medio"},"content":{"rendered":"\n<p>Tras fuertes precipitaciones colaps\u00f3, hace ocho a\u00f1os, el puente de Paso del Medio, importante infraestructura para el traslado de la producci\u00f3n agropecuaria de esa zona de la parroquia Paso Real de Macaira, municipio Jos\u00e9 Tadeo Monagas, Gu\u00e1rico.<\/p>\n\n\n\n<p>Desde 2017, los productores de esa zona, as\u00ed como tambi\u00e9n los habitantes de los caser\u00edos Paso del Medio y La Botonera, han solicitado la construcci\u00f3n de otro puente, porque al crecer el r\u00edo Macaira el paso se dificulta, al extremo de verse en la obligaci\u00f3n de habilitar balsas para poder cruzar con las c\u00e1ntaras de leche, por ejemplo.<\/p>\n\n\n\n<p>El \u00faltimo reporte de la zona, es que el gobierno regional y municipal traslad\u00f3 las bases de metal necesarias para iniciar los trabajos.<\/p>\n\n\n\n<p>Amanda Saldivia<br>CNP 6664<br><a>@amandasaldivia<\/a><br><br><\/p>\n","protected":false},"excerpt":{"rendered":"<p>Tras fuertes precipitaciones colaps\u00f3, hace ocho a\u00f1os, el puente de Paso del Medio, importante infraestructura para el traslado de la producci\u00f3n agropecuaria de esa zona de la parroquia Paso Real de Macaira, municipio Jos\u00e9 Tadeo Monagas, Gu\u00e1rico. Desde 2017, los productores de esa zona, as\u00ed como tambi\u00e9n los habitantes de<\/p>\n","protected":false},"author":2,"featured_media":9572,"comment_status":"open","ping_status":"open","sticky":false,"template":"","format":"standard","meta":{"advanced_seo_description":"","jetpack_seo_html_title":"","jetpack_seo_noindex":false,"_jetpack_memberships_contains_paid_content":false,"footnotes":"","jetpack_publicize_message":"","jetpack_publicize_feature_enabled":true,"jetpack_social_post_already_shared":true,"jetpack_social_options":{"image_generator_settings":{"template":"highway","enabled":false},"version":2}},"categories":[16,251],"tags":[8,7,32],"class_list":["post-9571","post","type-post","status-publish","format-standard","has-post-thumbnail","hentry","category-vialidad","category-webdealta","tag-altagraciadeorituco","tag-guarico","tag-webdealta",""],"jetpack_publicize_connections":[],"jetpack_featured_media_url":"https:\/\/webdealta.info\/wp-content\/uploads\/2025\/09\/puente-Paso-del-Medio-2025-webdealta.png","jetpack_sharing_enabled":true,"jetpack_likes_enabled":true,"jetpack-related-posts":[],"jetpack_shortlink":"https:\/\/wp.me\/pcseDn-2un","_links":{"self":[{"href":"https:\/\/webdealta.info\/index.php?rest_route=\/wp\/v2\/posts\/9571","targetHints":{"allow":["GET"]}}],"collection":[{"href":"https:\/\/webdealta.info\/index.php?rest_route=\/wp\/v2\/posts"}],"about":[{"href":"https:\/\/webdealta.info\/index.php?rest_route=\/wp\/v2\/types\/post"}],"author":[{"embeddable":true,"href":"https:\/\/webdealta.info\/index.php?rest_route=\/wp\/v2\/users\/2"}],"replies":[{"embeddable":true,"href":"https:\/\/webdealta.info\/index.php?rest_route=%2Fwp%2Fv2%2Fcomments&post=9571"}],"version-history":[{"count":1,"href":"https:\/\/webdealta.info\/index.php?rest_route=\/wp\/v2\/posts\/9571\/revisions"}],"predecessor-version":[{"id":9573,"href":"https:\/\/webdealta.info\/index.php?rest_route=\/wp\/v2\/posts\/9571\/revisions\/9573"}],"wp:featuredmedia":[{"embeddable":true,"href":"https:\/\/webdealta.info\/index.php?rest_route=\/wp\/v2\/media\/9572"}],"wp:attachment":[{"href":"https:\/\/webdealta.info\/index.php?rest_route=%2Fwp%2Fv2%2Fmedia&parent=9571"}],"wp:term":[{"taxonomy":"category","embeddable":true,"href":"https:\/\/webdealta.info\/index.php?rest_route=%2Fwp%2Fv2%2Fcategories&post=9571"},{"taxonomy":"post_tag","embeddable":true,"href":"https:\/\/webdealta.info\/index.php?rest_route=%2Fwp%2Fv2%2Ftags&post=9571"}],"curies":[{"name":"wp","href":"https:\/\/api.w.org\/{rel}","templated":true}]}}