{"id":9561,"date":"2025-09-08T10:14:13","date_gmt":"2025-09-08T14:14:13","guid":{"rendered":"https:\/\/webdealta.info\/?p=9561"},"modified":"2025-09-08T10:14:16","modified_gmt":"2025-09-08T14:14:16","slug":"personal-regresa-a-las-escuelas-este-lunes-por-orden-de-min-educacion","status":"publish","type":"post","link":"https:\/\/webdealta.info\/?p=9561","title":{"rendered":"Personal regresa a las escuelas este lunes por orden de Min educaci\u00f3n"},"content":{"rendered":"\n<p>Este lunes 8 de septiembre se debe incorporar el personal docente, administrativo y obrero a las instituciones educativas del municipio Jos\u00e9 Tadeo Monagas, seg\u00fan lo dispuesto por el Ministerio de Educaci\u00f3n, como parte del a\u00f1o escolar 2025-2026.<\/p>\n\n\n\n<p>De acuerdo a la informaci\u00f3n que trascendi\u00f3, se realizar\u00e1n labores administrativas y de planificaci\u00f3n, para complementar con jornadas de formaci\u00f3n dirigida a los docentes, las cuales se cumplir\u00e1n desde el 9 hasta el 12 de septiembre, con miras al inicio de clases previsto para el lunes 15 de ese mismo mes.<\/p>\n\n\n\n<p>El resto de los lineamientos ser\u00e1n dados a conocer este lunes 8 de septiembre, por parte del ministro H\u00e9ctor Rodr\u00edguez, quien tiene previsto reuniones online con el personal docente, administrativo, obrero, voceros estudiantiles y del movimiento de familia.<\/p>\n\n\n\n<p>Amanda Saldivia<br>CNP 6.6664<br><a>@amandasaldivia<\/a><br><\/p>\n","protected":false},"excerpt":{"rendered":"<p>Este lunes 8 de septiembre se debe incorporar el personal docente, administrativo y obrero a las instituciones educativas del municipio Jos\u00e9 Tadeo Monagas, seg\u00fan lo dispuesto por el Ministerio de Educaci\u00f3n, como parte del a\u00f1o escolar 2025-2026. De acuerdo a la informaci\u00f3n que trascendi\u00f3, se realizar\u00e1n labores administrativas y de<\/p>\n","protected":false},"author":2,"featured_media":9562,"comment_status":"open","ping_status":"open","sticky":false,"template":"","format":"standard","meta":{"advanced_seo_description":"","jetpack_seo_html_title":"","jetpack_seo_noindex":false,"_jetpack_memberships_contains_paid_content":false,"footnotes":"","jetpack_publicize_message":"","jetpack_publicize_feature_enabled":true,"jetpack_social_post_already_shared":true,"jetpack_social_options":{"image_generator_settings":{"template":"highway","enabled":false},"version":2}},"categories":[335,251],"tags":[8,7,32],"class_list":["post-9561","post","type-post","status-publish","format-standard","has-post-thumbnail","hentry","category-locales","category-webdealta","tag-altagraciadeorituco","tag-guarico","tag-webdealta",""],"jetpack_publicize_connections":[],"jetpack_featured_media_url":"https:\/\/webdealta.info\/wp-content\/uploads\/2025\/09\/edicacion-2025-webdealta.png","jetpack_sharing_enabled":true,"jetpack_likes_enabled":true,"jetpack-related-posts":[],"jetpack_shortlink":"https:\/\/wp.me\/pcseDn-2ud","_links":{"self":[{"href":"https:\/\/webdealta.info\/index.php?rest_route=\/wp\/v2\/posts\/9561","targetHints":{"allow":["GET"]}}],"collection":[{"href":"https:\/\/webdealta.info\/index.php?rest_route=\/wp\/v2\/posts"}],"about":[{"href":"https:\/\/webdealta.info\/index.php?rest_route=\/wp\/v2\/types\/post"}],"author":[{"embeddable":true,"href":"https:\/\/webdealta.info\/index.php?rest_route=\/wp\/v2\/users\/2"}],"replies":[{"embeddable":true,"href":"https:\/\/webdealta.info\/index.php?rest_route=%2Fwp%2Fv2%2Fcomments&post=9561"}],"version-history":[{"count":1,"href":"https:\/\/webdealta.info\/index.php?rest_route=\/wp\/v2\/posts\/9561\/revisions"}],"predecessor-version":[{"id":9563,"href":"https:\/\/webdealta.info\/index.php?rest_route=\/wp\/v2\/posts\/9561\/revisions\/9563"}],"wp:featuredmedia":[{"embeddable":true,"href":"https:\/\/webdealta.info\/index.php?rest_route=\/wp\/v2\/media\/9562"}],"wp:attachment":[{"href":"https:\/\/webdealta.info\/index.php?rest_route=%2Fwp%2Fv2%2Fmedia&parent=9561"}],"wp:term":[{"taxonomy":"category","embeddable":true,"href":"https:\/\/webdealta.info\/index.php?rest_route=%2Fwp%2Fv2%2Fcategories&post=9561"},{"taxonomy":"post_tag","embeddable":true,"href":"https:\/\/webdealta.info\/index.php?rest_route=%2Fwp%2Fv2%2Ftags&post=9561"}],"curies":[{"name":"wp","href":"https:\/\/api.w.org\/{rel}","templated":true}]}}