{"id":9557,"date":"2025-09-03T20:08:25","date_gmt":"2025-09-04T00:08:25","guid":{"rendered":"https:\/\/webdealta.info\/?p=9557"},"modified":"2025-09-03T20:08:29","modified_gmt":"2025-09-04T00:08:29","slug":"renovacion-pastoral-dejo-asamblea-diocesana-en-altagracia","status":"publish","type":"post","link":"https:\/\/webdealta.info\/?p=9557","title":{"rendered":"Renovaci\u00f3n pastoral dej\u00f3 Asamblea Diocesana en Altagracia"},"content":{"rendered":"\n<p>Luego de culminar la trig\u00e9sima Asamblea Diocesana de Pastoral viene un tercera fase de discernimiento, en cada una de las parroquias del Arciprestazgo Beata Madre Candelaria de San Jos\u00e9, para definir las acciones que contribuyan a la transformaci\u00f3n de la sociedad.<\/p>\n\n\n\n<p>As\u00ed lo se\u00f1al\u00f3 el padre y arcipreste Luis M\u00e1rquez, al ser abordado por el equipo de la Web de Altagracia, a los fines de conocer la misi\u00f3n que emprender\u00e1n como Iglesia, luego de la asamblea realizada en Altagracia de Orituco, desde el 28 hasta el 30 de agosto, con las orientaciones del Obispo Monse\u00f1or Ricardo Barreto.<\/p>\n\n\n\n<p>\u201cLa Asamblea Diocesana fue el espacio para poner en com\u00fan el resultado del proceso de escucha en las instancias parroquiales y se dio inicio a la tercera fase de este proceso de elaboraci\u00f3n del plan diocesano de pastoral\u2026la asamblea nos da herramientas para volver a nuestras instancias parroquiales y poder discernir con los distintos grupos, movimientos, sociedades y sectores de la vida social y religiosa, discernir la realidad y precisamente ir definiendo acciones para que contribuyan a la transformaci\u00f3n de la sociedad\u201d, precis\u00f3 el padre Luis M\u00e1rquez.&nbsp;<\/p>\n\n\n\n<p>En ese sentido, agreg\u00f3 que la asamblea fue un espacio para la revisi\u00f3n del trabajo que realizan en los distintos niveles y lo que llam\u00f3 las \u201cl\u00edneas inspiradoras del trabajo pastora\u201d, as\u00ed como tambi\u00e9n pidi\u00f3 \u201corar por todo este proceso de renovaci\u00f3n pastoral que est\u00e1 viviendo nuestra di\u00f3cesis\u201d.<\/p>\n\n\n\n<p>El padre Luis aprovech\u00f3 la ocasi\u00f3n para resaltar el apoyo de los medios de comunicaci\u00f3n social, entre ellos la Web de Altagracia, por la cobertura del trabajo que la iglesia realiza en pro de la evangelizaci\u00f3n, adem\u00e1s del aporte de quienes hicieron posible la organizaci\u00f3n y log\u00edstica de la asamblea que congreg\u00f3 a todas las parroquias de la Di\u00f3cesis de Valle de la Pascua.<\/p>\n\n\n\n<p>Amanda Saldivia<\/p>\n\n\n\n<p>CNP 6.664<\/p>\n\n\n\n<p>@amandasaldivia<\/p>\n","protected":false},"excerpt":{"rendered":"<p>Luego de culminar la trig\u00e9sima Asamblea Diocesana de Pastoral viene un tercera fase de discernimiento, en cada una de las parroquias del Arciprestazgo Beata Madre Candelaria de San Jos\u00e9, para definir las acciones que contribuyan a la transformaci\u00f3n de la sociedad. As\u00ed lo se\u00f1al\u00f3 el padre y arcipreste Luis M\u00e1rquez,<\/p>\n","protected":false},"author":2,"featured_media":9558,"comment_status":"open","ping_status":"open","sticky":false,"template":"","format":"standard","meta":{"advanced_seo_description":"","jetpack_seo_html_title":"","jetpack_seo_noindex":false,"_jetpack_memberships_contains_paid_content":false,"footnotes":"","jetpack_publicize_message":"","jetpack_publicize_feature_enabled":true,"jetpack_social_post_already_shared":true,"jetpack_social_options":{"image_generator_settings":{"template":"highway","enabled":false},"version":2}},"categories":[335,251],"tags":[8,7,32],"class_list":["post-9557","post","type-post","status-publish","format-standard","has-post-thumbnail","hentry","category-locales","category-webdealta","tag-altagraciadeorituco","tag-guarico","tag-webdealta",""],"jetpack_publicize_connections":[],"jetpack_featured_media_url":"https:\/\/webdealta.info\/wp-content\/uploads\/2025\/09\/1457c1c5-f57f-4f27-b77d-1bed9efce7a7.jpeg","jetpack_sharing_enabled":true,"jetpack_likes_enabled":true,"jetpack-related-posts":[],"jetpack_shortlink":"https:\/\/wp.me\/pcseDn-2u9","_links":{"self":[{"href":"https:\/\/webdealta.info\/index.php?rest_route=\/wp\/v2\/posts\/9557","targetHints":{"allow":["GET"]}}],"collection":[{"href":"https:\/\/webdealta.info\/index.php?rest_route=\/wp\/v2\/posts"}],"about":[{"href":"https:\/\/webdealta.info\/index.php?rest_route=\/wp\/v2\/types\/post"}],"author":[{"embeddable":true,"href":"https:\/\/webdealta.info\/index.php?rest_route=\/wp\/v2\/users\/2"}],"replies":[{"embeddable":true,"href":"https:\/\/webdealta.info\/index.php?rest_route=%2Fwp%2Fv2%2Fcomments&post=9557"}],"version-history":[{"count":1,"href":"https:\/\/webdealta.info\/index.php?rest_route=\/wp\/v2\/posts\/9557\/revisions"}],"predecessor-version":[{"id":9559,"href":"https:\/\/webdealta.info\/index.php?rest_route=\/wp\/v2\/posts\/9557\/revisions\/9559"}],"wp:featuredmedia":[{"embeddable":true,"href":"https:\/\/webdealta.info\/index.php?rest_route=\/wp\/v2\/media\/9558"}],"wp:attachment":[{"href":"https:\/\/webdealta.info\/index.php?rest_route=%2Fwp%2Fv2%2Fmedia&parent=9557"}],"wp:term":[{"taxonomy":"category","embeddable":true,"href":"https:\/\/webdealta.info\/index.php?rest_route=%2Fwp%2Fv2%2Fcategories&post=9557"},{"taxonomy":"post_tag","embeddable":true,"href":"https:\/\/webdealta.info\/index.php?rest_route=%2Fwp%2Fv2%2Ftags&post=9557"}],"curies":[{"name":"wp","href":"https:\/\/api.w.org\/{rel}","templated":true}]}}