{"id":9554,"date":"2025-09-02T16:20:51","date_gmt":"2025-09-02T20:20:51","guid":{"rendered":"https:\/\/webdealta.info\/?p=9554"},"modified":"2025-09-02T16:20:53","modified_gmt":"2025-09-02T20:20:53","slug":"en-agosto-hubo-menos-lluvias-que-en-junio-y-julio","status":"publish","type":"post","link":"https:\/\/webdealta.info\/?p=9554","title":{"rendered":"En agosto hubo menos lluvias que en junio y julio"},"content":{"rendered":"\n<p>Agosto se despidi\u00f3 con menos lluvias que los meses de junio y julio de este mismo a\u00f1o, de acuerdo a los reportes de las estaciones meteorol\u00f3gicas YV5VEWX Altagracia y PC Altagracia, con un acumulado de tan solo 108.7 mm y 90,4 mm, respectivamente.<\/p>\n\n\n\n<p>Los datos de la estaci\u00f3n meteorol\u00f3gica YV5VEWX, a cargo del radioaficionado William Fourneau, ubicada en el sector Banco Obrero de Altagracia de Orituco, arroj\u00f3 que hubo 18 d\u00edas de lluvias en ese per\u00edodo y que la mayor precipitaci\u00f3n fue el 27 de agosto con 36.6 mm.<\/p>\n\n\n\n<p>Por su parte, Javier \u00c1lvarez, t\u00e9cnico en Hidrometeorolog\u00eda, responsable del an\u00e1lisis del pluvi\u00f3metro PC Altagracia, ubicado en la sede de Protecci\u00f3n Civil de esta localidad guarique\u00f1a, destac\u00f3 que el promedio de precipitaciones en esta regi\u00f3n para los meses de agosto es de 216,5 mm, lo que evidencia que este a\u00f1o 2025 solo se cubri\u00f3 el 42%, al reportar un acumulado de 90,4 mm.<\/p>\n\n\n\n<p>Amanda Saldivia<br>CNP 6.664<br><a>@amandasaldivia<\/a><\/p>\n","protected":false},"excerpt":{"rendered":"<p>Agosto se despidi\u00f3 con menos lluvias que los meses de junio y julio de este mismo a\u00f1o, de acuerdo a los reportes de las estaciones meteorol\u00f3gicas YV5VEWX Altagracia y PC Altagracia, con un acumulado de tan solo 108.7 mm y 90,4 mm, respectivamente. Los datos de la estaci\u00f3n meteorol\u00f3gica YV5VEWX,<\/p>\n","protected":false},"author":2,"featured_media":9555,"comment_status":"open","ping_status":"open","sticky":false,"template":"","format":"standard","meta":{"advanced_seo_description":"","jetpack_seo_html_title":"","jetpack_seo_noindex":false,"_jetpack_memberships_contains_paid_content":false,"footnotes":"","jetpack_publicize_message":"","jetpack_publicize_feature_enabled":true,"jetpack_social_post_already_shared":true,"jetpack_social_options":{"image_generator_settings":{"template":"highway","enabled":false},"version":2}},"categories":[316,251],"tags":[8,7,32],"class_list":["post-9554","post","type-post","status-publish","format-standard","has-post-thumbnail","hentry","category-clima","category-webdealta","tag-altagraciadeorituco","tag-guarico","tag-webdealta",""],"jetpack_publicize_connections":[],"jetpack_featured_media_url":"https:\/\/webdealta.info\/wp-content\/uploads\/2025\/09\/lluvias-agosto-2025.png","jetpack_sharing_enabled":true,"jetpack_likes_enabled":true,"jetpack-related-posts":[],"jetpack_shortlink":"https:\/\/wp.me\/pcseDn-2u6","_links":{"self":[{"href":"https:\/\/webdealta.info\/index.php?rest_route=\/wp\/v2\/posts\/9554","targetHints":{"allow":["GET"]}}],"collection":[{"href":"https:\/\/webdealta.info\/index.php?rest_route=\/wp\/v2\/posts"}],"about":[{"href":"https:\/\/webdealta.info\/index.php?rest_route=\/wp\/v2\/types\/post"}],"author":[{"embeddable":true,"href":"https:\/\/webdealta.info\/index.php?rest_route=\/wp\/v2\/users\/2"}],"replies":[{"embeddable":true,"href":"https:\/\/webdealta.info\/index.php?rest_route=%2Fwp%2Fv2%2Fcomments&post=9554"}],"version-history":[{"count":1,"href":"https:\/\/webdealta.info\/index.php?rest_route=\/wp\/v2\/posts\/9554\/revisions"}],"predecessor-version":[{"id":9556,"href":"https:\/\/webdealta.info\/index.php?rest_route=\/wp\/v2\/posts\/9554\/revisions\/9556"}],"wp:featuredmedia":[{"embeddable":true,"href":"https:\/\/webdealta.info\/index.php?rest_route=\/wp\/v2\/media\/9555"}],"wp:attachment":[{"href":"https:\/\/webdealta.info\/index.php?rest_route=%2Fwp%2Fv2%2Fmedia&parent=9554"}],"wp:term":[{"taxonomy":"category","embeddable":true,"href":"https:\/\/webdealta.info\/index.php?rest_route=%2Fwp%2Fv2%2Fcategories&post=9554"},{"taxonomy":"post_tag","embeddable":true,"href":"https:\/\/webdealta.info\/index.php?rest_route=%2Fwp%2Fv2%2Ftags&post=9554"}],"curies":[{"name":"wp","href":"https:\/\/api.w.org\/{rel}","templated":true}]}}