{"id":9545,"date":"2025-08-27T11:26:45","date_gmt":"2025-08-27T15:26:45","guid":{"rendered":"https:\/\/webdealta.info\/?p=9545"},"modified":"2025-08-27T11:28:04","modified_gmt":"2025-08-27T15:28:04","slug":"taekwondo-gracitano-brillo-en-merida-al-lograr-medalla-de-oro-y-bronce","status":"publish","type":"post","link":"https:\/\/webdealta.info\/?p=9545","title":{"rendered":"Taekwondo gracitano brill\u00f3 en M\u00e9rida al lograr medalla de oro y bronce"},"content":{"rendered":"\n<p>Una medalla de oro, dos de bronce y dos medallas al 4to. lugar, obtuvo la delegaci\u00f3n del municipio Jos\u00e9 Tadeo Monagas que form\u00f3 parte de la selecci\u00f3n de Taekwondo de Gu\u00e1rico, que particip\u00f3 en el campeonato juvenil Copa Cuidad de M\u00e9rida 467 a\u00f1os, celebrado del 22 al 24 de agosto en esa capital andina.<\/p>\n\n\n\n<p>En el programa Tiempo de Cambios por Activa 104.9 FM, el entrenador H\u00e9ctor Beomont, ofreci\u00f3 detalles de la competencia acompa\u00f1ado por los medallistas Astroberto L\u00f3pez, Oro en Poomsae, Mari\u00e1ngel Mart\u00ednez, Bronce; Violeta Caldera, Bronce; Arcelis Galindo, 4\u00b0 Lugar; y Kalen Herrera, 4\u00b0 Lugar, todos de la categor\u00eda juvenil, cuyas edades oscilan entre los 14 a 17 a\u00f1os.<\/p>\n\n\n\n<p>Durante el desarrollo de la entrevista, el entregador cont\u00f3 que el apoyo de los representantes fue vital para poder asistir al evento, as\u00ed como tambi\u00e9n el aporte que recibieron de la alcald\u00eda del municipio Jos\u00e9 Tadeo Monagas, por medio del alcalde Pedro Sol\u00f3rzano y del Irdeg para el transporte hasta M\u00e9rida, junto al resto de los atletas de la selecci\u00f3n de Gu\u00e1rico.<br><br>Amanda Saldivia<br>CNP 6.664<br>@amandasaldivia<br><\/p>\n","protected":false},"excerpt":{"rendered":"<p>Una medalla de oro, dos de bronce y dos medallas al 4to. lugar, obtuvo la delegaci\u00f3n del municipio Jos\u00e9 Tadeo Monagas que form\u00f3 parte de la selecci\u00f3n de Taekwondo de Gu\u00e1rico, que particip\u00f3 en el campeonato juvenil Copa Cuidad de M\u00e9rida 467 a\u00f1os, celebrado del 22 al 24 de agosto<\/p>\n","protected":false},"author":2,"featured_media":9546,"comment_status":"open","ping_status":"open","sticky":false,"template":"","format":"standard","meta":{"advanced_seo_description":"","jetpack_seo_html_title":"","jetpack_seo_noindex":false,"_jetpack_memberships_contains_paid_content":false,"footnotes":"","jetpack_publicize_message":"","jetpack_publicize_feature_enabled":true,"jetpack_social_post_already_shared":true,"jetpack_social_options":{"image_generator_settings":{"template":"highway","enabled":false},"version":2}},"categories":[111,251],"tags":[8,7,32],"class_list":["post-9545","post","type-post","status-publish","format-standard","has-post-thumbnail","hentry","category-deporte","category-webdealta","tag-altagraciadeorituco","tag-guarico","tag-webdealta",""],"jetpack_publicize_connections":[],"jetpack_featured_media_url":"https:\/\/webdealta.info\/wp-content\/uploads\/2025\/08\/merida-taekowndio-webdealta.png","jetpack_sharing_enabled":true,"jetpack_likes_enabled":true,"jetpack-related-posts":[],"jetpack_shortlink":"https:\/\/wp.me\/pcseDn-2tX","_links":{"self":[{"href":"https:\/\/webdealta.info\/index.php?rest_route=\/wp\/v2\/posts\/9545","targetHints":{"allow":["GET"]}}],"collection":[{"href":"https:\/\/webdealta.info\/index.php?rest_route=\/wp\/v2\/posts"}],"about":[{"href":"https:\/\/webdealta.info\/index.php?rest_route=\/wp\/v2\/types\/post"}],"author":[{"embeddable":true,"href":"https:\/\/webdealta.info\/index.php?rest_route=\/wp\/v2\/users\/2"}],"replies":[{"embeddable":true,"href":"https:\/\/webdealta.info\/index.php?rest_route=%2Fwp%2Fv2%2Fcomments&post=9545"}],"version-history":[{"count":1,"href":"https:\/\/webdealta.info\/index.php?rest_route=\/wp\/v2\/posts\/9545\/revisions"}],"predecessor-version":[{"id":9547,"href":"https:\/\/webdealta.info\/index.php?rest_route=\/wp\/v2\/posts\/9545\/revisions\/9547"}],"wp:featuredmedia":[{"embeddable":true,"href":"https:\/\/webdealta.info\/index.php?rest_route=\/wp\/v2\/media\/9546"}],"wp:attachment":[{"href":"https:\/\/webdealta.info\/index.php?rest_route=%2Fwp%2Fv2%2Fmedia&parent=9545"}],"wp:term":[{"taxonomy":"category","embeddable":true,"href":"https:\/\/webdealta.info\/index.php?rest_route=%2Fwp%2Fv2%2Fcategories&post=9545"},{"taxonomy":"post_tag","embeddable":true,"href":"https:\/\/webdealta.info\/index.php?rest_route=%2Fwp%2Fv2%2Ftags&post=9545"}],"curies":[{"name":"wp","href":"https:\/\/api.w.org\/{rel}","templated":true}]}}