{"id":9536,"date":"2025-08-25T21:20:56","date_gmt":"2025-08-26T01:20:56","guid":{"rendered":"https:\/\/webdealta.info\/?p=9536"},"modified":"2025-08-25T21:20:57","modified_gmt":"2025-08-26T01:20:57","slug":"vecinos-exigen-reparar-desbordamiento-de-aguas-servidas-en-paural-i","status":"publish","type":"post","link":"https:\/\/webdealta.info\/?p=9536","title":{"rendered":"Vecinos exigen reparar desbordamiento de aguas servidas en Paural I"},"content":{"rendered":"\n<p>Vecinos de Paural I solicitan a la alcald\u00eda e Hidrop\u00e1ez que agilicen los trabajos necesarios para corregir el desbordamiento de aguas servidas, ubicado en la calle 1 de ese populoso sector de Altagracia de Orituco.<\/p>\n\n\n\n<p>En la comunicaci\u00f3n enviado en la tarde de este lunes 25 de agosto a la Web de Altagracia, los afectados expresaron \u201cqueremos hacer p\u00fablico, mediante sus redes, una problem\u00e1tica ambiental que nos esta perjudicando al 100% a los habitantes de la calle 1, sector Paural 1, a pocos metros del ancianato,\u00a0 con un desborde de aguas negras, el olor ya es incontrolable e inaceptable\u201d.<\/p>\n\n\n\n<p>A la comunicaci\u00f3n, anexaron las evidencias fotogr\u00e1ficas que muestran la situaci\u00f3n compleja que atraviesan, debido al desbordamiento de las aguas servidas.<\/p>\n\n\n\n<p>Amanda Saldivia<\/p>\n\n\n\n<p>CNP 6664<\/p>\n\n\n\n<p>@amandasaldivia<\/p>\n","protected":false},"excerpt":{"rendered":"<p>Vecinos de Paural I solicitan a la alcald\u00eda e Hidrop\u00e1ez que agilicen los trabajos necesarios para corregir el desbordamiento de aguas servidas, ubicado en la calle 1 de ese populoso sector de Altagracia de Orituco. En la comunicaci\u00f3n enviado en la tarde de este lunes 25 de agosto a la<\/p>\n","protected":false},"author":2,"featured_media":9538,"comment_status":"open","ping_status":"open","sticky":false,"template":"","format":"standard","meta":{"advanced_seo_description":"","jetpack_seo_html_title":"","jetpack_seo_noindex":false,"_jetpack_memberships_contains_paid_content":false,"footnotes":"","jetpack_publicize_message":"","jetpack_publicize_feature_enabled":true,"jetpack_social_post_already_shared":true,"jetpack_social_options":{"image_generator_settings":{"template":"highway","enabled":false},"version":2}},"categories":[99,251],"tags":[8,7,32],"class_list":["post-9536","post","type-post","status-publish","format-standard","has-post-thumbnail","hentry","category-aguas-servidas","category-webdealta","tag-altagraciadeorituco","tag-guarico","tag-webdealta",""],"jetpack_publicize_connections":[],"jetpack_featured_media_url":"https:\/\/webdealta.info\/wp-content\/uploads\/2025\/08\/aeab5345-30f7-4a4f-9941-fffec5fd7be6-1.jpeg","jetpack_sharing_enabled":true,"jetpack_likes_enabled":true,"jetpack-related-posts":[],"jetpack_shortlink":"https:\/\/wp.me\/pcseDn-2tO","_links":{"self":[{"href":"https:\/\/webdealta.info\/index.php?rest_route=\/wp\/v2\/posts\/9536","targetHints":{"allow":["GET"]}}],"collection":[{"href":"https:\/\/webdealta.info\/index.php?rest_route=\/wp\/v2\/posts"}],"about":[{"href":"https:\/\/webdealta.info\/index.php?rest_route=\/wp\/v2\/types\/post"}],"author":[{"embeddable":true,"href":"https:\/\/webdealta.info\/index.php?rest_route=\/wp\/v2\/users\/2"}],"replies":[{"embeddable":true,"href":"https:\/\/webdealta.info\/index.php?rest_route=%2Fwp%2Fv2%2Fcomments&post=9536"}],"version-history":[{"count":1,"href":"https:\/\/webdealta.info\/index.php?rest_route=\/wp\/v2\/posts\/9536\/revisions"}],"predecessor-version":[{"id":9539,"href":"https:\/\/webdealta.info\/index.php?rest_route=\/wp\/v2\/posts\/9536\/revisions\/9539"}],"wp:featuredmedia":[{"embeddable":true,"href":"https:\/\/webdealta.info\/index.php?rest_route=\/wp\/v2\/media\/9538"}],"wp:attachment":[{"href":"https:\/\/webdealta.info\/index.php?rest_route=%2Fwp%2Fv2%2Fmedia&parent=9536"}],"wp:term":[{"taxonomy":"category","embeddable":true,"href":"https:\/\/webdealta.info\/index.php?rest_route=%2Fwp%2Fv2%2Fcategories&post=9536"},{"taxonomy":"post_tag","embeddable":true,"href":"https:\/\/webdealta.info\/index.php?rest_route=%2Fwp%2Fv2%2Ftags&post=9536"}],"curies":[{"name":"wp","href":"https:\/\/api.w.org\/{rel}","templated":true}]}}