{"id":9517,"date":"2025-08-14T15:13:24","date_gmt":"2025-08-14T19:13:24","guid":{"rendered":"https:\/\/webdealta.info\/?p=9517"},"modified":"2025-08-14T15:13:25","modified_gmt":"2025-08-14T19:13:25","slug":"reunion-de-trabajo-entre-alcalde-pedro-solorzano-y-concejales","status":"publish","type":"post","link":"https:\/\/webdealta.info\/?p=9517","title":{"rendered":"Reuni\u00f3n de trabajo entre alcalde Pedro Sol\u00f3rzano y concejales"},"content":{"rendered":"\n<p>Prensa Concejo Municipal.- Con el objetivo fortalecer los lazos de trabajo en equipo, intercambiar ideas y establecer l\u00edneas de acci\u00f3n conjuntas para el desarrollo de pol\u00edticas y proyectos que beneficien a la comunidad, se realiz\u00f3 el encuentro entre el alcalde Pedro Sol\u00f3rzano y los concejales del municipio Jos\u00e9 Tadeo Monagas.<\/p>\n\n\n\n<p>El mandatario local fue recibido por la Dra. Susana Sayegh, presidenta del Concejo Municipal; el vicepresidente Demetrio Flores y los ediles Tirso Alvarez, Julio Silveira, Jos\u00e9 Arias, Lisdeth Sierra y Luis del Corral, adem\u00e1s de los siete concejales suplentes y Norelis Benavente, secretaria de esa instancia legislativa.<\/p>\n\n\n\n<p>Trascendi\u00f3 que la reuni\u00f3n celebrada, este mi\u00e9rcoles 13 de agosto, fue en la sala de secciones de la C\u00e1mara Municipal del municipio Bolivariano Jos\u00e9 Tadeo Monagas fue fruct\u00edfera, entre la nueva directiva del ente legislativo, el personal administrativo, los concejales y el alcalde del municipio Jos\u00e9 Tadeo Monagas.<\/p>\n\n\n\n<p>Durante la reuni\u00f3n, se destac\u00f3 la importancia de la cooperaci\u00f3n entre los distintos niveles de la administraci\u00f3n municipal y se reafirm\u00f3 el compromiso de la nueva directiva en impulsar una gesti\u00f3n eficiente, transparente y cercana a los ciudadanos.<\/p>\n\n\n\n<p>El alcalde expres\u00f3 su respaldo a las iniciativas planteadas y resalt\u00f3 la disposici\u00f3n de su despacho para trabajar de la mano con la C\u00e1mara Municipal en la b\u00fasqueda de soluciones a las necesidades de la poblaci\u00f3n.<\/p>\n\n\n\n<p>El encuentro concluy\u00f3 con un ambiente de optimismo y motivaci\u00f3n, marcando el inicio de una etapa de trabajo coordinado que promete resultados positivos para el municipio.<\/p>\n\n\n\n<p>Fotograf\u00edas cortes\u00eda<\/p>\n","protected":false},"excerpt":{"rendered":"<p>Prensa Concejo Municipal.- Con el objetivo fortalecer los lazos de trabajo en equipo, intercambiar ideas y establecer l\u00edneas de acci\u00f3n conjuntas para el desarrollo de pol\u00edticas y proyectos que beneficien a la comunidad, se realiz\u00f3 el encuentro entre el alcalde Pedro Sol\u00f3rzano y los concejales del municipio Jos\u00e9 Tadeo Monagas.<\/p>\n","protected":false},"author":2,"featured_media":9518,"comment_status":"open","ping_status":"open","sticky":false,"template":"","format":"standard","meta":{"advanced_seo_description":"","jetpack_seo_html_title":"","jetpack_seo_noindex":false,"_jetpack_memberships_contains_paid_content":false,"footnotes":"","jetpack_publicize_message":"","jetpack_publicize_feature_enabled":true,"jetpack_social_post_already_shared":true,"jetpack_social_options":{"image_generator_settings":{"template":"highway","enabled":false},"version":2}},"categories":[335,251],"tags":[8,7,32],"class_list":["post-9517","post","type-post","status-publish","format-standard","has-post-thumbnail","hentry","category-locales","category-webdealta","tag-altagraciadeorituco","tag-guarico","tag-webdealta",""],"jetpack_publicize_connections":[],"jetpack_featured_media_url":"https:\/\/webdealta.info\/wp-content\/uploads\/2025\/08\/f96f95d6-06ab-4648-8c4c-ddc3c474e1f2.jpeg","jetpack_sharing_enabled":true,"jetpack_likes_enabled":true,"jetpack-related-posts":[],"jetpack_shortlink":"https:\/\/wp.me\/pcseDn-2tv","_links":{"self":[{"href":"https:\/\/webdealta.info\/index.php?rest_route=\/wp\/v2\/posts\/9517","targetHints":{"allow":["GET"]}}],"collection":[{"href":"https:\/\/webdealta.info\/index.php?rest_route=\/wp\/v2\/posts"}],"about":[{"href":"https:\/\/webdealta.info\/index.php?rest_route=\/wp\/v2\/types\/post"}],"author":[{"embeddable":true,"href":"https:\/\/webdealta.info\/index.php?rest_route=\/wp\/v2\/users\/2"}],"replies":[{"embeddable":true,"href":"https:\/\/webdealta.info\/index.php?rest_route=%2Fwp%2Fv2%2Fcomments&post=9517"}],"version-history":[{"count":1,"href":"https:\/\/webdealta.info\/index.php?rest_route=\/wp\/v2\/posts\/9517\/revisions"}],"predecessor-version":[{"id":9519,"href":"https:\/\/webdealta.info\/index.php?rest_route=\/wp\/v2\/posts\/9517\/revisions\/9519"}],"wp:featuredmedia":[{"embeddable":true,"href":"https:\/\/webdealta.info\/index.php?rest_route=\/wp\/v2\/media\/9518"}],"wp:attachment":[{"href":"https:\/\/webdealta.info\/index.php?rest_route=%2Fwp%2Fv2%2Fmedia&parent=9517"}],"wp:term":[{"taxonomy":"category","embeddable":true,"href":"https:\/\/webdealta.info\/index.php?rest_route=%2Fwp%2Fv2%2Fcategories&post=9517"},{"taxonomy":"post_tag","embeddable":true,"href":"https:\/\/webdealta.info\/index.php?rest_route=%2Fwp%2Fv2%2Ftags&post=9517"}],"curies":[{"name":"wp","href":"https:\/\/api.w.org\/{rel}","templated":true}]}}