{"id":9514,"date":"2025-08-14T14:27:28","date_gmt":"2025-08-14T18:27:28","guid":{"rendered":"https:\/\/webdealta.info\/?p=9514"},"modified":"2025-08-14T14:27:29","modified_gmt":"2025-08-14T18:27:29","slug":"desde-altagracia-felicitan-a-la-upel-el-macaro-al-cumplir-87-anos","status":"publish","type":"post","link":"https:\/\/webdealta.info\/?p=9514","title":{"rendered":"Desde Altagracia felicitan a la Upel El M\u00e1caro al cumplir 87 a\u00f1os"},"content":{"rendered":"\n<p>El equipo de la Upel El M\u00e1caro en Altagracia de Orituco destac\u00f3 que el 14 de agosto de 1938 naci\u00f3 la Escuela Normal Rural El M\u00e1caro en Turmero, estado Aragua, instituci\u00f3n con 87 a\u00f1os dedicados a la formaci\u00f3n docente, con impacto positivo en el municipio Jos\u00e9 Tadeo Monagas, Gu\u00e1rico.<\/p>\n\n\n\n<p>La Dra. Leyna Tovar, coordinadora de la Upel El M\u00e1caro en Altagracia de Orituco, felicit\u00f3 a toda la familia macarina por ser \u201cla longeva instituci\u00f3n pionera en la formaci\u00f3n de docentes rurales en Venezuela\u2026nos sentimos orgullosos de pertenecer a esta gran casa de estudio que d\u00eda a d\u00eda demuestra su calidad\u201d.<\/p>\n\n\n\n<p>Al celebrarse este 14 de agosto el aniversario de la instituci\u00f3n de la cual forma parte, resalt\u00f3 que \u201choy las coordinaciones que llevamos en Altagracia de Orituco las riendas esta gran instituci\u00f3n, la Dra. Leyna Tovar, Dra. Luisangela Leal, Dra. Yauri Avil\u00e9s, el personal administrativo, de servicio de esta casa de estudio, nos sentimos orgullosos de pertenecer a ella y damos nuestras felicitaciones a todos los macarinos de Altagracia de Orituco por seguir transitando Surcos en la Esperanza\u201d.<\/p>\n\n\n\n<p>Amanda Saldivia<\/p>\n\n\n\n<p>CNP 6664<\/p>\n\n\n\n<p>@amandasaldivia<\/p>\n","protected":false},"excerpt":{"rendered":"<p>El equipo de la Upel El M\u00e1caro en Altagracia de Orituco destac\u00f3 que el 14 de agosto de 1938 naci\u00f3 la Escuela Normal Rural El M\u00e1caro en Turmero, estado Aragua, instituci\u00f3n con 87 a\u00f1os dedicados a la formaci\u00f3n docente, con impacto positivo en el municipio Jos\u00e9 Tadeo Monagas, Gu\u00e1rico. La<\/p>\n","protected":false},"author":2,"featured_media":9515,"comment_status":"open","ping_status":"open","sticky":false,"template":"","format":"standard","meta":{"advanced_seo_description":"","jetpack_seo_html_title":"","jetpack_seo_noindex":false,"_jetpack_memberships_contains_paid_content":false,"footnotes":"","jetpack_publicize_message":"","jetpack_publicize_feature_enabled":true,"jetpack_social_post_already_shared":true,"jetpack_social_options":{"image_generator_settings":{"template":"highway","enabled":false},"version":2}},"categories":[286,251],"tags":[8,7,32],"class_list":["post-9514","post","type-post","status-publish","format-standard","has-post-thumbnail","hentry","category-aniversario","category-webdealta","tag-altagraciadeorituco","tag-guarico","tag-webdealta",""],"jetpack_publicize_connections":[],"jetpack_featured_media_url":"https:\/\/webdealta.info\/wp-content\/uploads\/2025\/08\/34ddfd6d-5849-4385-81ef-04cf7be7e8bb.jpeg","jetpack_sharing_enabled":true,"jetpack_likes_enabled":true,"jetpack-related-posts":[],"jetpack_shortlink":"https:\/\/wp.me\/pcseDn-2ts","_links":{"self":[{"href":"https:\/\/webdealta.info\/index.php?rest_route=\/wp\/v2\/posts\/9514","targetHints":{"allow":["GET"]}}],"collection":[{"href":"https:\/\/webdealta.info\/index.php?rest_route=\/wp\/v2\/posts"}],"about":[{"href":"https:\/\/webdealta.info\/index.php?rest_route=\/wp\/v2\/types\/post"}],"author":[{"embeddable":true,"href":"https:\/\/webdealta.info\/index.php?rest_route=\/wp\/v2\/users\/2"}],"replies":[{"embeddable":true,"href":"https:\/\/webdealta.info\/index.php?rest_route=%2Fwp%2Fv2%2Fcomments&post=9514"}],"version-history":[{"count":1,"href":"https:\/\/webdealta.info\/index.php?rest_route=\/wp\/v2\/posts\/9514\/revisions"}],"predecessor-version":[{"id":9516,"href":"https:\/\/webdealta.info\/index.php?rest_route=\/wp\/v2\/posts\/9514\/revisions\/9516"}],"wp:featuredmedia":[{"embeddable":true,"href":"https:\/\/webdealta.info\/index.php?rest_route=\/wp\/v2\/media\/9515"}],"wp:attachment":[{"href":"https:\/\/webdealta.info\/index.php?rest_route=%2Fwp%2Fv2%2Fmedia&parent=9514"}],"wp:term":[{"taxonomy":"category","embeddable":true,"href":"https:\/\/webdealta.info\/index.php?rest_route=%2Fwp%2Fv2%2Fcategories&post=9514"},{"taxonomy":"post_tag","embeddable":true,"href":"https:\/\/webdealta.info\/index.php?rest_route=%2Fwp%2Fv2%2Ftags&post=9514"}],"curies":[{"name":"wp","href":"https:\/\/api.w.org\/{rel}","templated":true}]}}