{"id":9499,"date":"2025-07-30T20:06:38","date_gmt":"2025-07-31T00:06:38","guid":{"rendered":"https:\/\/webdealta.info\/?p=9499"},"modified":"2025-07-30T20:08:53","modified_gmt":"2025-07-31T00:08:53","slug":"este-viernes-inicia-semana-de-la-lactancia-materna","status":"publish","type":"post","link":"https:\/\/webdealta.info\/?p=9499","title":{"rendered":"Este viernes inicia Semana Mundial de la Lactancia Materna"},"content":{"rendered":"\n<p>Del primero hasta el ocho de agosto ser\u00e1n las actividades especiales enmarcadas en la Semana Mundial de la Lactancia Materna 2025 en Altagracia de Orituco, Gu\u00e1rico, coordinadas por el equipo del hospital Dr. Jos\u00e9 Francisco Torrealba.<\/p>\n\n\n\n<p>El programa difundido incluye caminata el viernes primero de agosto, la cual partir\u00e1 a las 7:30 am desde la calle Ilustres Pr\u00f3ceres con Hurtado Ascanio y culminar\u00e1 en el hospital, para en horas de la tarde participar en el programa Tiempo de Cambios por Activa 104.9 FM, con la entrevista a la Dra. Albanela Morffe y el licenciado Asdr\u00fabal Nadales.<\/p>\n\n\n\n<p>A partir del lunes cuatro de agosto, comenzar\u00e1 el ciclo de charlas en la sala de conferencias del hospital, todas a las 10:00 am. Seguidamente la tem\u00e1tica:<\/p>\n\n\n\n<p>Lunes 04\/08<\/p>\n\n\n\n<p>Mitos y creencias de la lactancia materna<\/p>\n\n\n\n<p>Responsables personal de Promoci\u00f3n Social<\/p>\n\n\n\n<p>Martes 05\/08<\/p>\n\n\n\n<p>Mitos sobre la lactancia materna<\/p>\n\n\n\n<p>Responsables Dra. Albanela Morffe y licenciada Nohelia \u00c1vila.<\/p>\n\n\n\n<p>Mi\u00e9rcoles 06\/08<\/p>\n\n\n\n<p>Relactaci\u00f3n de la lactancia materna<\/p>\n\n\n\n<p>Responsables licenciada Dina Betancourt y Msc. Heidy Bol\u00edvar.<\/p>\n\n\n\n<p>Jueves 07\/08<\/p>\n\n\n\n<p>Alimentaci\u00f3n del Neonato por Gavaje G\u00e1strico e inyectadoras.<\/p>\n\n\n\n<p>Responsables Dra. Mar\u00eda Torres y licenciada Diana Aguirre<\/p>\n\n\n\n<p>Viernes 08\/08<\/p>\n\n\n\n<p>Cierre de la Semana de Lactancia Materna. Actividad Bailoterapia. Hora 8:00 AM, patio central del hospital. Responsable Genaro Armas.<\/p>\n\n\n\n<p>Amanda Saldivia<\/p>\n\n\n\n<p>CNP 6.664<\/p>\n\n\n\n<p>@amandasaldivia<\/p>\n","protected":false},"excerpt":{"rendered":"<p>Del primero hasta el ocho de agosto ser\u00e1n las actividades especiales enmarcadas en la Semana Mundial de la Lactancia Materna 2025 en Altagracia de Orituco, Gu\u00e1rico, coordinadas por el equipo del hospital Dr. Jos\u00e9 Francisco Torrealba. El programa difundido incluye caminata el viernes primero de agosto, la cual partir\u00e1 a<\/p>\n","protected":false},"author":2,"featured_media":9500,"comment_status":"open","ping_status":"open","sticky":false,"template":"","format":"standard","meta":{"advanced_seo_description":"","jetpack_seo_html_title":"","jetpack_seo_noindex":false,"_jetpack_memberships_contains_paid_content":false,"footnotes":"","jetpack_publicize_message":"","jetpack_publicize_feature_enabled":true,"jetpack_social_post_already_shared":true,"jetpack_social_options":{"image_generator_settings":{"template":"highway","enabled":false},"version":2}},"categories":[12,251],"tags":[8,7,32],"class_list":["post-9499","post","type-post","status-publish","format-standard","has-post-thumbnail","hentry","category-salud","category-webdealta","tag-altagraciadeorituco","tag-guarico","tag-webdealta",""],"jetpack_publicize_connections":[],"jetpack_featured_media_url":"https:\/\/webdealta.info\/wp-content\/uploads\/2025\/07\/da7e58ff-f60d-42a5-8dc7-e869b2f0b5bb.jpeg","jetpack_sharing_enabled":true,"jetpack_likes_enabled":true,"jetpack-related-posts":[],"jetpack_shortlink":"https:\/\/wp.me\/pcseDn-2td","_links":{"self":[{"href":"https:\/\/webdealta.info\/index.php?rest_route=\/wp\/v2\/posts\/9499","targetHints":{"allow":["GET"]}}],"collection":[{"href":"https:\/\/webdealta.info\/index.php?rest_route=\/wp\/v2\/posts"}],"about":[{"href":"https:\/\/webdealta.info\/index.php?rest_route=\/wp\/v2\/types\/post"}],"author":[{"embeddable":true,"href":"https:\/\/webdealta.info\/index.php?rest_route=\/wp\/v2\/users\/2"}],"replies":[{"embeddable":true,"href":"https:\/\/webdealta.info\/index.php?rest_route=%2Fwp%2Fv2%2Fcomments&post=9499"}],"version-history":[{"count":2,"href":"https:\/\/webdealta.info\/index.php?rest_route=\/wp\/v2\/posts\/9499\/revisions"}],"predecessor-version":[{"id":9503,"href":"https:\/\/webdealta.info\/index.php?rest_route=\/wp\/v2\/posts\/9499\/revisions\/9503"}],"wp:featuredmedia":[{"embeddable":true,"href":"https:\/\/webdealta.info\/index.php?rest_route=\/wp\/v2\/media\/9500"}],"wp:attachment":[{"href":"https:\/\/webdealta.info\/index.php?rest_route=%2Fwp%2Fv2%2Fmedia&parent=9499"}],"wp:term":[{"taxonomy":"category","embeddable":true,"href":"https:\/\/webdealta.info\/index.php?rest_route=%2Fwp%2Fv2%2Fcategories&post=9499"},{"taxonomy":"post_tag","embeddable":true,"href":"https:\/\/webdealta.info\/index.php?rest_route=%2Fwp%2Fv2%2Ftags&post=9499"}],"curies":[{"name":"wp","href":"https:\/\/api.w.org\/{rel}","templated":true}]}}