{"id":9472,"date":"2025-07-13T13:38:43","date_gmt":"2025-07-13T17:38:43","guid":{"rendered":"https:\/\/webdealta.info\/?p=9472"},"modified":"2025-07-13T14:58:38","modified_gmt":"2025-07-13T18:58:38","slug":"jornada-pro-fondos-el-orituco-unido-por-los-andes","status":"publish","type":"post","link":"https:\/\/webdealta.info\/?p=9472","title":{"rendered":"Jornada pro fondos: El Orituco unido por Los Andes"},"content":{"rendered":"\n<p>Altagracia de Orituco se uni\u00f3 a la noble causa de recolectar alimentos y otros insumos para donar a los meride\u00f1os y tachirenses que resultaron afectados por las lluvias.<\/p>\n\n\n\n<p>La iniciativa fue de un grupo de fundaciones culturales y sociales, adem\u00e1s emprendedores y&nbsp; comerciantes, quienes se unieron para realizar un evento que se llam\u00f3 El Orituco unidos por Los Andes, el cual se llev\u00f3 a cabo, el pasado s\u00e1bado 12 de julio, en el parque Cede\u00f1o de esa localidad.<\/p>\n\n\n\n<p>Pedro Maurel de la fundaci\u00f3n Los Ramones, se\u00f1al\u00f3 que la recolecci\u00f3n fue exitosa, gracias a los ciudadanos que acudieron a llevar donativos.<\/p>\n\n\n\n<p>\u201cAhora sigue el proceso de clasificaci\u00f3n, empaquetar, adem\u00e1s de presentar cuentas de lo recolectado\u201d, dijo Maurel en en contacto con la Web de Altagracia, al tiempo que agradeci\u00f3 a las personas de buen coraz\u00f3n, a las fundaciones y\u00a0 a los particulares que se unieron en la organizaci\u00f3n de este evento.<\/p>\n\n\n\n<p>Amanda Saldivia<\/p>\n\n\n\n<p>CNP 6.664<\/p>\n\n\n\n<p>@amandasaldivia<\/p>\n","protected":false},"excerpt":{"rendered":"<p>Altagracia de Orituco se uni\u00f3 a la noble causa de recolectar alimentos y otros insumos para donar a los meride\u00f1os y tachirenses que resultaron afectados por las lluvias. La iniciativa fue de un grupo de fundaciones culturales y sociales, adem\u00e1s emprendedores y&nbsp; comerciantes, quienes se unieron para realizar un evento<\/p>\n","protected":false},"author":2,"featured_media":9473,"comment_status":"open","ping_status":"open","sticky":false,"template":"","format":"standard","meta":{"advanced_seo_description":"","jetpack_seo_html_title":"","jetpack_seo_noindex":false,"_jetpack_memberships_contains_paid_content":false,"footnotes":"","jetpack_publicize_message":"","jetpack_publicize_feature_enabled":true,"jetpack_social_post_already_shared":true,"jetpack_social_options":{"image_generator_settings":{"template":"highway","enabled":false},"version":2}},"categories":[50,251],"tags":[8,7,32],"class_list":["post-9472","post","type-post","status-publish","format-standard","has-post-thumbnail","hentry","category-iniciativas-ciudadanas","category-webdealta","tag-altagraciadeorituco","tag-guarico","tag-webdealta",""],"jetpack_publicize_connections":[],"jetpack_featured_media_url":"https:\/\/webdealta.info\/wp-content\/uploads\/2025\/07\/c82ba6bc-a346-4004-8b04-80e949edaf6d.jpeg","jetpack_sharing_enabled":true,"jetpack_likes_enabled":true,"jetpack-related-posts":[],"jetpack_shortlink":"https:\/\/wp.me\/pcseDn-2sM","_links":{"self":[{"href":"https:\/\/webdealta.info\/index.php?rest_route=\/wp\/v2\/posts\/9472","targetHints":{"allow":["GET"]}}],"collection":[{"href":"https:\/\/webdealta.info\/index.php?rest_route=\/wp\/v2\/posts"}],"about":[{"href":"https:\/\/webdealta.info\/index.php?rest_route=\/wp\/v2\/types\/post"}],"author":[{"embeddable":true,"href":"https:\/\/webdealta.info\/index.php?rest_route=\/wp\/v2\/users\/2"}],"replies":[{"embeddable":true,"href":"https:\/\/webdealta.info\/index.php?rest_route=%2Fwp%2Fv2%2Fcomments&post=9472"}],"version-history":[{"count":2,"href":"https:\/\/webdealta.info\/index.php?rest_route=\/wp\/v2\/posts\/9472\/revisions"}],"predecessor-version":[{"id":9475,"href":"https:\/\/webdealta.info\/index.php?rest_route=\/wp\/v2\/posts\/9472\/revisions\/9475"}],"wp:featuredmedia":[{"embeddable":true,"href":"https:\/\/webdealta.info\/index.php?rest_route=\/wp\/v2\/media\/9473"}],"wp:attachment":[{"href":"https:\/\/webdealta.info\/index.php?rest_route=%2Fwp%2Fv2%2Fmedia&parent=9472"}],"wp:term":[{"taxonomy":"category","embeddable":true,"href":"https:\/\/webdealta.info\/index.php?rest_route=%2Fwp%2Fv2%2Fcategories&post=9472"},{"taxonomy":"post_tag","embeddable":true,"href":"https:\/\/webdealta.info\/index.php?rest_route=%2Fwp%2Fv2%2Ftags&post=9472"}],"curies":[{"name":"wp","href":"https:\/\/api.w.org\/{rel}","templated":true}]}}