{"id":9460,"date":"2025-07-08T21:57:49","date_gmt":"2025-07-09T01:57:49","guid":{"rendered":"https:\/\/webdealta.info\/?p=9460"},"modified":"2025-07-08T21:57:52","modified_gmt":"2025-07-09T01:57:52","slug":"tres-candidatos-aspiran-la-alcaldia-del-municipio-jose-tadeo-monagas","status":"publish","type":"post","link":"https:\/\/webdealta.info\/?p=9460","title":{"rendered":"Tres candidatos aspiran la alcald\u00eda del municipio Jos\u00e9 Tadeo Monagas"},"content":{"rendered":"\n<p>La campa\u00f1a electoral comienza el pr\u00f3ximo viernes 11 de julio y son tres los aspirantes a la alcald\u00eda del municipio Jos\u00e9 Tadeo Monagas, Gu\u00e1rico. Ellos son Pedro Sol\u00f3rzano, Yojanny Durand y Julio Cadena.<\/p>\n\n\n\n<p>Pedro Sol\u00f3rzano, actual alcalde de la regi\u00f3n del Orituco, fue inscrito por el PSUV y el resto de los partidos del denominado Gran Polo Patri\u00f3tico; mientras que Yojanny Durand fue postulado por Acci\u00f3n Democr\u00e1tica con el respaldo de otras 13 organizaciones; y Julio Cadena por Derecha Democr\u00e1tica Popular.<\/p>\n\n\n\n<p>Candidatos al Concejo Municipal<\/p>\n\n\n\n<p>La f\u00f3rmula presentada por el PSUV al Concejo Municipal est\u00e1 integrada por Mar\u00eda Arminda Ruiz, Demetrio Flores, Idilia D\u00edaz, Julio Silvera, Fernando Saldivia, Luis del Corral, Tirso \u00c1lvarez, Susana Sayegh, Jos\u00e9 Arias, Virginia Lisdeth Sierra, Yesiyelena Tavera, Enyelber Zambrano, Kathiuska P\u00e9rez y Yoruma Mendoza.<\/p>\n\n\n\n<p>Por su parte, AD y el resto de las organizaciones, postularon a Juan Funez, Yelitza Sierra, Freddy Chacin, Carmen Arias, Carlos Romero, Diana P\u00e9rez, Zoraida Rivero, Luis \u00c1lvarez, Mileida S\u00e1nchez, Franyelys Chilibertty, Darlyng Marrero, Alexander Mart\u00ednez, Al\u00ed Mena y Elys Ramos.<\/p>\n\n\n\n<p>En el caso de Derecha Democr\u00e1tica Popular, este partido no postul\u00f3 a candidatos al Concejo Municipal.<\/p>\n\n\n\n<p>En los pr\u00f3ximos d\u00edas y como parte del cronograma, ser\u00e1n instaladas las Ferias Electorales por parte del CNE, a los fines de que los votantes se familiaricen con la m\u00e1quina.<\/p>\n\n\n\n<p>Amanda Saldivia<br>CNP 6664<br><a>@amandasaldiv<\/a>ia<br><br><\/p>\n","protected":false},"excerpt":{"rendered":"<p>La campa\u00f1a electoral comienza el pr\u00f3ximo viernes 11 de julio y son tres los aspirantes a la alcald\u00eda del municipio Jos\u00e9 Tadeo Monagas, Gu\u00e1rico. Ellos son Pedro Sol\u00f3rzano, Yojanny Durand y Julio Cadena. Pedro Sol\u00f3rzano, actual alcalde de la regi\u00f3n del Orituco, fue inscrito por el PSUV y el resto<\/p>\n","protected":false},"author":2,"featured_media":9461,"comment_status":"open","ping_status":"open","sticky":false,"template":"","format":"standard","meta":{"advanced_seo_description":"","jetpack_seo_html_title":"","jetpack_seo_noindex":false,"_jetpack_memberships_contains_paid_content":false,"footnotes":"","jetpack_publicize_message":"","jetpack_publicize_feature_enabled":true,"jetpack_social_post_already_shared":true,"jetpack_social_options":{"image_generator_settings":{"template":"highway","enabled":false},"version":2}},"categories":[335,251],"tags":[8,7,32],"class_list":["post-9460","post","type-post","status-publish","format-standard","has-post-thumbnail","hentry","category-locales","category-webdealta","tag-altagraciadeorituco","tag-guarico","tag-webdealta",""],"jetpack_publicize_connections":[],"jetpack_featured_media_url":"https:\/\/webdealta.info\/wp-content\/uploads\/2025\/07\/Candidatos-webdealta-2025.png","jetpack_sharing_enabled":true,"jetpack_likes_enabled":true,"jetpack-related-posts":[],"jetpack_shortlink":"https:\/\/wp.me\/pcseDn-2sA","_links":{"self":[{"href":"https:\/\/webdealta.info\/index.php?rest_route=\/wp\/v2\/posts\/9460","targetHints":{"allow":["GET"]}}],"collection":[{"href":"https:\/\/webdealta.info\/index.php?rest_route=\/wp\/v2\/posts"}],"about":[{"href":"https:\/\/webdealta.info\/index.php?rest_route=\/wp\/v2\/types\/post"}],"author":[{"embeddable":true,"href":"https:\/\/webdealta.info\/index.php?rest_route=\/wp\/v2\/users\/2"}],"replies":[{"embeddable":true,"href":"https:\/\/webdealta.info\/index.php?rest_route=%2Fwp%2Fv2%2Fcomments&post=9460"}],"version-history":[{"count":1,"href":"https:\/\/webdealta.info\/index.php?rest_route=\/wp\/v2\/posts\/9460\/revisions"}],"predecessor-version":[{"id":9462,"href":"https:\/\/webdealta.info\/index.php?rest_route=\/wp\/v2\/posts\/9460\/revisions\/9462"}],"wp:featuredmedia":[{"embeddable":true,"href":"https:\/\/webdealta.info\/index.php?rest_route=\/wp\/v2\/media\/9461"}],"wp:attachment":[{"href":"https:\/\/webdealta.info\/index.php?rest_route=%2Fwp%2Fv2%2Fmedia&parent=9460"}],"wp:term":[{"taxonomy":"category","embeddable":true,"href":"https:\/\/webdealta.info\/index.php?rest_route=%2Fwp%2Fv2%2Fcategories&post=9460"},{"taxonomy":"post_tag","embeddable":true,"href":"https:\/\/webdealta.info\/index.php?rest_route=%2Fwp%2Fv2%2Ftags&post=9460"}],"curies":[{"name":"wp","href":"https:\/\/api.w.org\/{rel}","templated":true}]}}