{"id":9457,"date":"2025-07-08T10:23:52","date_gmt":"2025-07-08T14:23:52","guid":{"rendered":"https:\/\/webdealta.info\/?p=9457"},"modified":"2025-07-08T10:23:54","modified_gmt":"2025-07-08T14:23:54","slug":"la-educacion-no-puede-seguir-siendo-victima-del-abandono-institucional","status":"publish","type":"post","link":"https:\/\/webdealta.info\/?p=9457","title":{"rendered":"\u00abLa educaci\u00f3n no puede seguir siendo v\u00edctima del abandono institucional\u00bb"},"content":{"rendered":"\n<p>En un comunicado de prensa la Coalici\u00f3n Intersindical del municipio Jos\u00e9 Tadeo Monagas, Gu\u00e1rico, expres\u00f3 que \u00abla educaci\u00f3n no puede seguir siendo v\u00edctima del abandono institucional\u00bb, en el sentido de la negativa del Ministerio del Poder Popular para la Educaci\u00f3n de firmar el contrato colectivo.<\/p>\n\n\n\n<p>Como un paliativo a la crisis que atraviesa el gremio por los bajos salarios, exhortaron a esa instancia gubernamental a calcular el bono vacacional y recreativo, con base de lo abonado a Guerra Econ\u00f3mica por medio del Sistema Patria.<\/p>\n\n\n\n<p>\u00abEsta solicitud no es un capricho, sino una medida de justicia social ante la realidad que enfrentan m\u00e1s de 300 mil educadores en todo el pa\u00eds, quienes no cuentan con ingresos suficientes para cubrir sus necesidades b\u00e1sicas ni garantizar el bienestar de sus familias durante el receso escolar\u00bb, resalta en el texto del comunicado enviado a este medio de comunicaci\u00f3n digital.<\/p>\n\n\n\n<p>En \u00e9l, tambi\u00e9n especifican que las federaciones del magisterio nacional, han solicitado que \u00abel bono vacacional para los docentes activos y el bono recreacional para los jubilados, sean calculados sobre la base del ingreso de Guerra Econ\u00f3mica, actualmente estimado en 120 d\u00f3lares mensuales, lo que representa un monto total de 240 d\u00f3lares por concepto de 60 d\u00edas de bonificaci\u00f3n\u00bb.<\/p>\n\n\n\n<p>Por \u00faltimo, manifiestan que en Altagracia de Orituco la solicitud est\u00e1 orientada en tres puntos fundamentales, ellos son \u00abfirmar de inmediato el contrato colectivo del sector educativo, respetando los principios de progresividad y legalidad laboral; cumplir con el pago del bono vacacional y recreacional conforme a lo solicitado por las federaciones, tomando como base el ingreso de guerra econ\u00f3mica y establecer un canal de di\u00e1logo transparente y vinculante con las organizaciones sindicales, que permita avanzar hacia una pol\u00edtica educativa centrada en la dignidad del docente\u00bb.<\/p>\n\n\n\n<p>Amanda Saldivia<br>CNP 6.664<br><a>@amandasaldivia<\/a><br><\/p>\n","protected":false},"excerpt":{"rendered":"<p>En un comunicado de prensa la Coalici\u00f3n Intersindical del municipio Jos\u00e9 Tadeo Monagas, Gu\u00e1rico, expres\u00f3 que \u00abla educaci\u00f3n no puede seguir siendo v\u00edctima del abandono institucional\u00bb, en el sentido de la negativa del Ministerio del Poder Popular para la Educaci\u00f3n de firmar el contrato colectivo. Como un paliativo a la<\/p>\n","protected":false},"author":2,"featured_media":9458,"comment_status":"open","ping_status":"open","sticky":false,"template":"","format":"standard","meta":{"advanced_seo_description":"","jetpack_seo_html_title":"","jetpack_seo_noindex":false,"_jetpack_memberships_contains_paid_content":false,"footnotes":"","jetpack_publicize_message":"","jetpack_publicize_feature_enabled":true,"jetpack_social_post_already_shared":true,"jetpack_social_options":{"image_generator_settings":{"template":"highway","enabled":false},"version":2}},"categories":[138,251],"tags":[8,7,32],"class_list":["post-9457","post","type-post","status-publish","format-standard","has-post-thumbnail","hentry","category-reclamo-laboral","category-webdealta","tag-altagraciadeorituco","tag-guarico","tag-webdealta",""],"jetpack_publicize_connections":[],"jetpack_featured_media_url":"https:\/\/webdealta.info\/wp-content\/uploads\/2025\/07\/educacion-webdealta.png","jetpack_sharing_enabled":true,"jetpack_likes_enabled":true,"jetpack-related-posts":[],"jetpack_shortlink":"https:\/\/wp.me\/pcseDn-2sx","_links":{"self":[{"href":"https:\/\/webdealta.info\/index.php?rest_route=\/wp\/v2\/posts\/9457","targetHints":{"allow":["GET"]}}],"collection":[{"href":"https:\/\/webdealta.info\/index.php?rest_route=\/wp\/v2\/posts"}],"about":[{"href":"https:\/\/webdealta.info\/index.php?rest_route=\/wp\/v2\/types\/post"}],"author":[{"embeddable":true,"href":"https:\/\/webdealta.info\/index.php?rest_route=\/wp\/v2\/users\/2"}],"replies":[{"embeddable":true,"href":"https:\/\/webdealta.info\/index.php?rest_route=%2Fwp%2Fv2%2Fcomments&post=9457"}],"version-history":[{"count":1,"href":"https:\/\/webdealta.info\/index.php?rest_route=\/wp\/v2\/posts\/9457\/revisions"}],"predecessor-version":[{"id":9459,"href":"https:\/\/webdealta.info\/index.php?rest_route=\/wp\/v2\/posts\/9457\/revisions\/9459"}],"wp:featuredmedia":[{"embeddable":true,"href":"https:\/\/webdealta.info\/index.php?rest_route=\/wp\/v2\/media\/9458"}],"wp:attachment":[{"href":"https:\/\/webdealta.info\/index.php?rest_route=%2Fwp%2Fv2%2Fmedia&parent=9457"}],"wp:term":[{"taxonomy":"category","embeddable":true,"href":"https:\/\/webdealta.info\/index.php?rest_route=%2Fwp%2Fv2%2Fcategories&post=9457"},{"taxonomy":"post_tag","embeddable":true,"href":"https:\/\/webdealta.info\/index.php?rest_route=%2Fwp%2Fv2%2Ftags&post=9457"}],"curies":[{"name":"wp","href":"https:\/\/api.w.org\/{rel}","templated":true}]}}