{"id":9429,"date":"2025-06-22T13:22:22","date_gmt":"2025-06-22T17:22:22","guid":{"rendered":"https:\/\/webdealta.info\/?p=9429"},"modified":"2025-06-22T13:22:24","modified_gmt":"2025-06-22T17:22:24","slug":"fallecio-estudiante-de-la-uptll-juana-ramirez-en-accidente","status":"publish","type":"post","link":"https:\/\/webdealta.info\/?p=9429","title":{"rendered":"Falleci\u00f3 estudiante de la UPTLL Juana Ram\u00edrez en accidente"},"content":{"rendered":"\n<p>Javier Gonz\u00e1lez Garc\u00eda, estudiante de la Universidad Polit\u00e9cnica Territorial de los Llanos Juana Ram\u00edrez, extensi\u00f3n Altagracia de Orituco, falleci\u00f3 luego de impactar la motocicleta que conduc\u00eda contra una pared, accidente ocurrido en la carretera perimetral, en la noche de este s\u00e1bado 21 de junio.<\/p>\n\n\n\n<p>Este joven de 21 a\u00f1os de edad, era vocero de la secci\u00f3n T-01 del PNF en Inform\u00e1tica y recibir\u00eda su t\u00edtulo de T\u00e9cnico Superior Universitario el pr\u00f3ximo 11 de julio, seg\u00fan el acuerdo de duelo publicado por el Consejo Universitario de esa instituci\u00f3n, al expresar las condolencias a la familia Gonz\u00e1lez Garc\u00eda.<\/p>\n\n\n\n<p>Se conoci\u00f3 que producto del impacto, Javier Gonz\u00e1lez present\u00f3 traumatismo craneoencef\u00e1lico severo y aunque fue traslado a la emergencia del hospital Dr. Jos\u00e9 Francisco Torrealba, falleci\u00f3 a los pocos minutos de su ingreso.<\/p>\n\n\n\n<p>Amanda Saldivia<br>CNP 6.664<br><a>@amandasaldivia<\/a><br><br><\/p>\n","protected":false},"excerpt":{"rendered":"<p>Javier Gonz\u00e1lez Garc\u00eda, estudiante de la Universidad Polit\u00e9cnica Territorial de los Llanos Juana Ram\u00edrez, extensi\u00f3n Altagracia de Orituco, falleci\u00f3 luego de impactar la motocicleta que conduc\u00eda contra una pared, accidente ocurrido en la carretera perimetral, en la noche de este s\u00e1bado 21 de junio. Este joven de 21 a\u00f1os de<\/p>\n","protected":false},"author":2,"featured_media":9430,"comment_status":"open","ping_status":"open","sticky":false,"template":"","format":"standard","meta":{"advanced_seo_description":"","jetpack_seo_html_title":"","jetpack_seo_noindex":false,"_jetpack_memberships_contains_paid_content":false,"footnotes":"","jetpack_publicize_message":"","jetpack_publicize_feature_enabled":true,"jetpack_social_post_already_shared":true,"jetpack_social_options":{"image_generator_settings":{"template":"highway","enabled":false},"version":2}},"categories":[159,251],"tags":[8,7,32],"class_list":["post-9429","post","type-post","status-publish","format-standard","has-post-thumbnail","hentry","category-accidente","category-webdealta","tag-altagraciadeorituco","tag-guarico","tag-webdealta",""],"jetpack_publicize_connections":[],"jetpack_featured_media_url":"https:\/\/webdealta.info\/wp-content\/uploads\/2025\/06\/fallecido-estudiante-webdealta.png","jetpack_sharing_enabled":true,"jetpack_likes_enabled":true,"jetpack-related-posts":[],"jetpack_shortlink":"https:\/\/wp.me\/pcseDn-2s5","_links":{"self":[{"href":"https:\/\/webdealta.info\/index.php?rest_route=\/wp\/v2\/posts\/9429","targetHints":{"allow":["GET"]}}],"collection":[{"href":"https:\/\/webdealta.info\/index.php?rest_route=\/wp\/v2\/posts"}],"about":[{"href":"https:\/\/webdealta.info\/index.php?rest_route=\/wp\/v2\/types\/post"}],"author":[{"embeddable":true,"href":"https:\/\/webdealta.info\/index.php?rest_route=\/wp\/v2\/users\/2"}],"replies":[{"embeddable":true,"href":"https:\/\/webdealta.info\/index.php?rest_route=%2Fwp%2Fv2%2Fcomments&post=9429"}],"version-history":[{"count":1,"href":"https:\/\/webdealta.info\/index.php?rest_route=\/wp\/v2\/posts\/9429\/revisions"}],"predecessor-version":[{"id":9431,"href":"https:\/\/webdealta.info\/index.php?rest_route=\/wp\/v2\/posts\/9429\/revisions\/9431"}],"wp:featuredmedia":[{"embeddable":true,"href":"https:\/\/webdealta.info\/index.php?rest_route=\/wp\/v2\/media\/9430"}],"wp:attachment":[{"href":"https:\/\/webdealta.info\/index.php?rest_route=%2Fwp%2Fv2%2Fmedia&parent=9429"}],"wp:term":[{"taxonomy":"category","embeddable":true,"href":"https:\/\/webdealta.info\/index.php?rest_route=%2Fwp%2Fv2%2Fcategories&post=9429"},{"taxonomy":"post_tag","embeddable":true,"href":"https:\/\/webdealta.info\/index.php?rest_route=%2Fwp%2Fv2%2Ftags&post=9429"}],"curies":[{"name":"wp","href":"https:\/\/api.w.org\/{rel}","templated":true}]}}