{"id":9424,"date":"2025-06-22T12:39:06","date_gmt":"2025-06-22T16:39:06","guid":{"rendered":"https:\/\/webdealta.info\/?p=9424"},"modified":"2025-06-22T12:41:50","modified_gmt":"2025-06-22T16:41:50","slug":"vive-el-dia-de-san-juan-bautista-en-el-orituco","status":"publish","type":"post","link":"https:\/\/webdealta.info\/?p=9424","title":{"rendered":"Vive el D\u00eda de San Juan Bautista en el Orituco"},"content":{"rendered":"\n<p>El tambor repicar\u00e1 con fuerza en distintos puntos de la geograf\u00eda del municipio Jos\u00e9 Tadeo Monagas en la v\u00edspera y el D\u00eda de San Juan Bautista, devoci\u00f3n arraigada en el nororiente de Gu\u00e1rico, con los Negros de Plaza y los Kimb\u00e1nganos.<\/p>\n\n\n\n<p>En Lezama, el lunes 23 de junio ser\u00e1 el bailorio, desde las 6:00\u00a0pm, con los rezos y cantos que los Negros Kimb\u00e1nganos hacen a\u00f1o tras a\u00f1o en la Casa Amarilla hasta el amanecer; para luego dirigirse a la iglesia el 24 de junio, a pedir el Santo y seguir el recorrido con el tambor, el canto de luceros con versos improvisados y la jinka.<\/p>\n\n\n\n<p>En Altagracia se conocen dos actividades dedicadas a San Juan Bautista. La fundaci\u00f3n cultural Chimborazo tendr\u00e1 el paseo c\u00edvico, a las 5:00&nbsp;am, con fuegos artificiales y amenizado por la Banda Municipal; luego la eucarist\u00eda a las 10:00&nbsp;am en el templo Nuestra Se\u00f1ora de Altagracia y Procesi\u00f3n con repique de tambor; as\u00ed como tambi\u00e9n actividades culturales.<\/p>\n\n\n\n<p>Otra programaci\u00f3n especial, la organiz\u00f3 la fundaci\u00f3n Del Mismo Pueblo, la cual por cuarto a\u00f1o consecutivo promociona el Encuentro de San Juan en el Orituco. A las 6:30 am ser\u00e1 el despertar con tambores en la casa de la familia Reyes, ubicada al norte de la calle Libertad, seguidamente el recorrido hasta el templo San Jos\u00e9 Obrero, en cuyo trayecto se unen im\u00e1genes del Santo, para converger en la iglesia a las 10:00\u00a0am y dar paso a m\u00e1s repique de tambor.<\/p>\n\n\n\n<p>Amanda Saldivia<br>CNP 6.664<br><a>@amandasaldivia<\/a>  <br><br><\/p>\n","protected":false},"excerpt":{"rendered":"<p>El tambor repicar\u00e1 con fuerza en distintos puntos de la geograf\u00eda del municipio Jos\u00e9 Tadeo Monagas en la v\u00edspera y el D\u00eda de San Juan Bautista, devoci\u00f3n arraigada en el nororiente de Gu\u00e1rico, con los Negros de Plaza y los Kimb\u00e1nganos. En Lezama, el lunes 23 de junio ser\u00e1 el<\/p>\n","protected":false},"author":2,"featured_media":9427,"comment_status":"open","ping_status":"open","sticky":false,"template":"","format":"standard","meta":{"advanced_seo_description":"","jetpack_seo_html_title":"","jetpack_seo_noindex":false,"_jetpack_memberships_contains_paid_content":false,"footnotes":"","jetpack_publicize_message":"","jetpack_publicize_feature_enabled":true,"jetpack_social_post_already_shared":true,"jetpack_social_options":{"image_generator_settings":{"template":"highway","enabled":false},"version":2}},"categories":[327,251],"tags":[8,7,32],"class_list":["post-9424","post","type-post","status-publish","format-standard","has-post-thumbnail","hentry","category-cultura","category-webdealta","tag-altagraciadeorituco","tag-guarico","tag-webdealta",""],"jetpack_publicize_connections":[],"jetpack_featured_media_url":"https:\/\/webdealta.info\/wp-content\/uploads\/2025\/06\/nueva-san-juan.png","jetpack_sharing_enabled":true,"jetpack_likes_enabled":true,"jetpack-related-posts":[],"jetpack_shortlink":"https:\/\/wp.me\/pcseDn-2s0","_links":{"self":[{"href":"https:\/\/webdealta.info\/index.php?rest_route=\/wp\/v2\/posts\/9424","targetHints":{"allow":["GET"]}}],"collection":[{"href":"https:\/\/webdealta.info\/index.php?rest_route=\/wp\/v2\/posts"}],"about":[{"href":"https:\/\/webdealta.info\/index.php?rest_route=\/wp\/v2\/types\/post"}],"author":[{"embeddable":true,"href":"https:\/\/webdealta.info\/index.php?rest_route=\/wp\/v2\/users\/2"}],"replies":[{"embeddable":true,"href":"https:\/\/webdealta.info\/index.php?rest_route=%2Fwp%2Fv2%2Fcomments&post=9424"}],"version-history":[{"count":1,"href":"https:\/\/webdealta.info\/index.php?rest_route=\/wp\/v2\/posts\/9424\/revisions"}],"predecessor-version":[{"id":9426,"href":"https:\/\/webdealta.info\/index.php?rest_route=\/wp\/v2\/posts\/9424\/revisions\/9426"}],"wp:featuredmedia":[{"embeddable":true,"href":"https:\/\/webdealta.info\/index.php?rest_route=\/wp\/v2\/media\/9427"}],"wp:attachment":[{"href":"https:\/\/webdealta.info\/index.php?rest_route=%2Fwp%2Fv2%2Fmedia&parent=9424"}],"wp:term":[{"taxonomy":"category","embeddable":true,"href":"https:\/\/webdealta.info\/index.php?rest_route=%2Fwp%2Fv2%2Fcategories&post=9424"},{"taxonomy":"post_tag","embeddable":true,"href":"https:\/\/webdealta.info\/index.php?rest_route=%2Fwp%2Fv2%2Ftags&post=9424"}],"curies":[{"name":"wp","href":"https:\/\/api.w.org\/{rel}","templated":true}]}}