{"id":9420,"date":"2025-06-22T11:52:30","date_gmt":"2025-06-22T15:52:30","guid":{"rendered":"https:\/\/webdealta.info\/?p=9420"},"modified":"2025-06-23T12:04:00","modified_gmt":"2025-06-23T16:04:00","slug":"fuertes-vientos-dejaron-viviendas-afectadas-al-sur-del-municipio-monagas","status":"publish","type":"post","link":"https:\/\/webdealta.info\/?p=9420","title":{"rendered":"Fuertes vientos dejaron viviendas afectadas al sur del municipio Monagas"},"content":{"rendered":"\n<p>Un total de 25 viviendas sufrieron da\u00f1os en techos, producto de los fuertes vientos registrado en el municipio Jos\u00e9 Tadeo Monagas, Gu\u00e1rico, en la tarde del pasado jueves 19 de junio, los cuales superaron en algunas zonas la velocidad de 40 kil\u00f3metros por hora y r\u00e1fagas de 50km\/h.<br><br>Los datos meteorol\u00f3gicos fueron aportado por William Fourneau, radioaficionado responsable de la estaci\u00f3n YV5VE de Altagracia de Orituco, quien precis\u00f3 que los registros en la capital del municipio Jos\u00e9 Tadeo Monagas, a las 4:54 pm del 19 de junio, arrojaron que la velocidad del viento fue de 19.4 km\/h, direcci\u00f3n este, con r\u00e1fagas de 27.7 km\/h.<br><br>Al respecto, acot\u00f3 que en la revisi\u00f3n realizada a otras estaciones meteorol\u00f3gicas de Gu\u00e1rico los registros fueron superiores, como fue el caso de Las Mercedes con vientos de 48.9 km\/h y r\u00e1fagas de 65.5 km\/h, lo que le permiti\u00f3 inferir que en el caso del sur del municipio Jos\u00e9 Tadeo Monagas, la velocidad pudo ser de 40 kil\u00f3metros por hora y las r\u00e1fagas de 50km\/h, lo que motiv\u00f3 la afectaci\u00f3n.<\/p>\n\n\n\n<p>El balance de las viviendas que sufrieron da\u00f1os lo dio a conocer el equipo de la alcald\u00eda del municipio Jos\u00e9 Tadeo Monagas, liderado por el alcalde Pedro Sol\u00f3rzano, despu\u00e9s del despliegue en las zonas afectadas, espec\u00edficamente en los poblados de Libertad de Orituco, Punteral, Los Negros y La Esperanza.<\/p>\n\n\n\n<p>De acuerdo a la informaci\u00f3n aportada por Alejandro Daniel, integrante del equipo municipal, el despliegue se realiz\u00f3 a primeras horas del viernes 20 de junio, con el acompa\u00f1amiento de m\u00e9dicos y enfermeras de la ASIC, personal del IPasme, Desarrollo Social, Ingenier\u00eda Municipal y Protecci\u00f3n Civil, entre otros.<\/p>\n\n\n\n<p>De esta manera, la alcald\u00eda evalu\u00f3 los da\u00f1os y llev\u00f3 atenci\u00f3n m\u00e9dica a las familias, dijo Daniel al momento de especificar que de las 25 viviendas afectadas, solo 5 tienen da\u00f1os considerables.<\/p>\n\n\n\n<p>Amanda Saldivia<br>CNP 6.664<br><a>@amandasaldivia<\/a><br><br><\/p>\n","protected":false},"excerpt":{"rendered":"<p>Un total de 25 viviendas sufrieron da\u00f1os en techos, producto de los fuertes vientos registrado en el municipio Jos\u00e9 Tadeo Monagas, Gu\u00e1rico, en la tarde del pasado jueves 19 de junio, los cuales superaron en algunas zonas la velocidad de 40 kil\u00f3metros por hora y r\u00e1fagas de 50km\/h. Los datos<\/p>\n","protected":false},"author":2,"featured_media":9421,"comment_status":"open","ping_status":"open","sticky":false,"template":"","format":"standard","meta":{"advanced_seo_description":"","jetpack_seo_html_title":"","jetpack_seo_noindex":false,"_jetpack_memberships_contains_paid_content":false,"footnotes":"","jetpack_publicize_message":"","jetpack_publicize_feature_enabled":true,"jetpack_social_post_already_shared":true,"jetpack_social_options":{"image_generator_settings":{"template":"highway","enabled":false},"version":2}},"categories":[335,251],"tags":[8,7,32],"class_list":["post-9420","post","type-post","status-publish","format-standard","has-post-thumbnail","hentry","category-locales","category-webdealta","tag-altagraciadeorituco","tag-guarico","tag-webdealta",""],"jetpack_publicize_connections":[],"jetpack_featured_media_url":"https:\/\/webdealta.info\/wp-content\/uploads\/2025\/06\/viviendas-vientos-webdealta.png","jetpack_sharing_enabled":true,"jetpack_likes_enabled":true,"jetpack-related-posts":[],"jetpack_shortlink":"https:\/\/wp.me\/pcseDn-2rW","_links":{"self":[{"href":"https:\/\/webdealta.info\/index.php?rest_route=\/wp\/v2\/posts\/9420","targetHints":{"allow":["GET"]}}],"collection":[{"href":"https:\/\/webdealta.info\/index.php?rest_route=\/wp\/v2\/posts"}],"about":[{"href":"https:\/\/webdealta.info\/index.php?rest_route=\/wp\/v2\/types\/post"}],"author":[{"embeddable":true,"href":"https:\/\/webdealta.info\/index.php?rest_route=\/wp\/v2\/users\/2"}],"replies":[{"embeddable":true,"href":"https:\/\/webdealta.info\/index.php?rest_route=%2Fwp%2Fv2%2Fcomments&post=9420"}],"version-history":[{"count":3,"href":"https:\/\/webdealta.info\/index.php?rest_route=\/wp\/v2\/posts\/9420\/revisions"}],"predecessor-version":[{"id":9434,"href":"https:\/\/webdealta.info\/index.php?rest_route=\/wp\/v2\/posts\/9420\/revisions\/9434"}],"wp:featuredmedia":[{"embeddable":true,"href":"https:\/\/webdealta.info\/index.php?rest_route=\/wp\/v2\/media\/9421"}],"wp:attachment":[{"href":"https:\/\/webdealta.info\/index.php?rest_route=%2Fwp%2Fv2%2Fmedia&parent=9420"}],"wp:term":[{"taxonomy":"category","embeddable":true,"href":"https:\/\/webdealta.info\/index.php?rest_route=%2Fwp%2Fv2%2Fcategories&post=9420"},{"taxonomy":"post_tag","embeddable":true,"href":"https:\/\/webdealta.info\/index.php?rest_route=%2Fwp%2Fv2%2Ftags&post=9420"}],"curies":[{"name":"wp","href":"https:\/\/api.w.org\/{rel}","templated":true}]}}