{"id":9415,"date":"2025-06-16T20:30:06","date_gmt":"2025-06-17T00:30:06","guid":{"rendered":"https:\/\/webdealta.info\/?p=9415"},"modified":"2025-06-16T20:30:09","modified_gmt":"2025-06-17T00:30:09","slug":"murio-el-artista-plastico-y-poeta-gracitano-juan-calzadilla","status":"publish","type":"post","link":"https:\/\/webdealta.info\/?p=9415","title":{"rendered":"Muri\u00f3 el artista pl\u00e1stico y poeta gracitano Juan Calzadilla"},"content":{"rendered":"\n<p>A la edad de 95 a\u00f1os muri\u00f3 el artista pl\u00e1stico, poeta y cr\u00edtico de arte Juan Calzadilla \u00c1lvarez, quien naci\u00f3 en Altagracia de Orituco el 16 de mayo de 1930 y es considerado uno de los intelectuales de mayor proyecci\u00f3n nacional e internacional, por entrelazar la pintura con la poes\u00eda como parte del proceso creativo.<\/p>\n\n\n\n<p>En un entrevista concedida a la Revista Nacional de Cultura, Juan Calzadilla dijo que fue clave su vida en Altagracia. Cont\u00f3 que aqu\u00ed se inici\u00f3 en las letras como redactor de un peri\u00f3dico del cual circularon 11 n\u00fameros y que hac\u00eda junto a su compa\u00f1ero Di\u00f3genes Mart\u00ednez, en la imprenta manual que Tirso Infante hab\u00eda tra\u00eddo de Caracas.<\/p>\n\n\n\n<p>En esa \u00e9poca tambi\u00e9n ambos incursionaron en la radio. Era estudiante de cuarto a\u00f1o de bachillerato en el liceo Ram\u00f3n Buenahora y todos los domingos sal\u00eda al aire el programa dedicado a divulgar m\u00fasica cl\u00e1sica y poes\u00edas. Eso fue en la emisora La Voz de Orituco, que ten\u00eda Don Guillermo Hurtado y cuya se\u00f1al llegaba por cornetas colocadas en los postes del alumbrado p\u00fablico en algunas esquinas de mayor movimiento comercial.<\/p>\n\n\n\n<p>Juan Calzadilla expres\u00f3 que no ten\u00eda la menor idea de lo que quer\u00eda ser. Le interesaba el periodismo, la m\u00fasica, ocupaba tiempo en resumir la biograf\u00eda de compositores para contarlas en el programa radial, pero ante la pregunta de la influencia para dedicarse a escribir, si era por contacto con escritores, mencion\u00f3 al maestro Don Pr\u00f3spero Infante.<\/p>\n\n\n\n<p>Dijo Calzadilla\u2026nunca utiliz\u00f3 la \u201cpalmeta para castigar alumnos\u201d, pero en cambio nos abrumaba recit\u00e1ndonos de memoria largu\u00edsimos romances, como por ejemplo uno que escribi\u00f3 sobre el \u00c1nima de Taguapire y otros del poeta nicarag\u00fcense Rub\u00e9n Dar\u00edo, los cuales combinaba con poemas propios. Igualmente resalt\u00f3 las conversaciones que sosten\u00eda con el padre Chac\u00edn, su profesor de literatura venezolana en cuarto a\u00f1o de bachillerato.<\/p>\n\n\n\n<p>Este gracitano tambi\u00e9n incursion\u00f3 en la pol\u00edtica contra la dictadura de Marcos P\u00e9rez Jim\u00e9nez. En la entrevista publicada, Juan Calzadilla aporta otro dato curioso, \u00e9l junto a otros j\u00f3venes estudiantes del liceo Ram\u00f3n Buenahora crearon en el a\u00f1o 1952 un movimiento cultural que con recursos propios logr\u00f3 abrir una biblioteca en la calle Ilustres Pr\u00f3ceres, que serv\u00eda de mampara para poder reunirse sin levantar sospechas. Dijo que fueron tiempos dif\u00edciles y que en una oportunidad le toc\u00f3 estar escondido varios meses para burlar una orden de aprehensi\u00f3n que nunca se cumpli\u00f3.<\/p>\n\n\n\n<p>Esa etapa de encierro tambi\u00e9n le sirvi\u00f3, porque se dedic\u00f3 a leer y escribir, entre ellos un extenso poema que envi\u00f3 al Festival Nacional de la Juventud y le otorgaron el primer premio. De ah\u00ed parti\u00f3 a Caracas con intenci\u00f3n de dedicarse al periodismo y le tendi\u00f3 la mano otro orituque\u00f1o: el Dr. Jos\u00e9 Ram\u00f3n Medina.<\/p>\n\n\n\n<p>Juan Calzadilla public\u00f3 m\u00e1s de 40 obras, recibi\u00f3 innumerables reconocimientos, entre ellos el Premio Nacional de Artes Pl\u00e1sticas por su obra como dibujante, cr\u00edtico e investigador. Adem\u00e1s particip\u00f3 en ferias internacionales de poes\u00eda en Argentina, Colombia e Italia.<\/p>\n\n\n\n<p>Fue un gracitano exitoso, con m\u00e1s de 50 a\u00f1os de trayectoria y saber que para \u00e9l la formaci\u00f3n en Altagracia fue clave, que tuvo maestros inspiradores, que canaliz\u00f3 toda su energ\u00eda por el arte, es raz\u00f3n de orgullo, porque en su biograf\u00eda lo primero que se destaca es que naci\u00f3 en Altagracia de Orituco, estado Gu\u00e1rico.<br><br>La noticia de su fallecimiento se conoci\u00f3 este domingo 15 de junio. <\/p>\n\n\n\n<p>Amanda Saldivia<br>CNP 6.664<br>@amandasaldivia<br><br><\/p>\n","protected":false},"excerpt":{"rendered":"<p>A la edad de 95 a\u00f1os muri\u00f3 el artista pl\u00e1stico, poeta y cr\u00edtico de arte Juan Calzadilla \u00c1lvarez, quien naci\u00f3 en Altagracia de Orituco el 16 de mayo de 1930 y es considerado uno de los intelectuales de mayor proyecci\u00f3n nacional e internacional, por entrelazar la pintura con la poes\u00eda<\/p>\n","protected":false},"author":2,"featured_media":9416,"comment_status":"open","ping_status":"open","sticky":false,"template":"","format":"standard","meta":{"advanced_seo_description":"","jetpack_seo_html_title":"","jetpack_seo_noindex":false,"_jetpack_memberships_contains_paid_content":false,"footnotes":"","jetpack_publicize_message":"","jetpack_publicize_feature_enabled":true,"jetpack_social_post_already_shared":true,"jetpack_social_options":{"image_generator_settings":{"template":"highway","enabled":false},"version":2}},"categories":[251],"tags":[8,7,32],"class_list":["post-9415","post","type-post","status-publish","format-standard","has-post-thumbnail","hentry","category-webdealta","tag-altagraciadeorituco","tag-guarico","tag-webdealta",""],"jetpack_publicize_connections":[],"jetpack_featured_media_url":"https:\/\/webdealta.info\/wp-content\/uploads\/2025\/06\/murio-Juan-Calzadilla-webdealtas.png","jetpack_sharing_enabled":true,"jetpack_likes_enabled":true,"jetpack-related-posts":[],"jetpack_shortlink":"https:\/\/wp.me\/pcseDn-2rR","_links":{"self":[{"href":"https:\/\/webdealta.info\/index.php?rest_route=\/wp\/v2\/posts\/9415","targetHints":{"allow":["GET"]}}],"collection":[{"href":"https:\/\/webdealta.info\/index.php?rest_route=\/wp\/v2\/posts"}],"about":[{"href":"https:\/\/webdealta.info\/index.php?rest_route=\/wp\/v2\/types\/post"}],"author":[{"embeddable":true,"href":"https:\/\/webdealta.info\/index.php?rest_route=\/wp\/v2\/users\/2"}],"replies":[{"embeddable":true,"href":"https:\/\/webdealta.info\/index.php?rest_route=%2Fwp%2Fv2%2Fcomments&post=9415"}],"version-history":[{"count":1,"href":"https:\/\/webdealta.info\/index.php?rest_route=\/wp\/v2\/posts\/9415\/revisions"}],"predecessor-version":[{"id":9417,"href":"https:\/\/webdealta.info\/index.php?rest_route=\/wp\/v2\/posts\/9415\/revisions\/9417"}],"wp:featuredmedia":[{"embeddable":true,"href":"https:\/\/webdealta.info\/index.php?rest_route=\/wp\/v2\/media\/9416"}],"wp:attachment":[{"href":"https:\/\/webdealta.info\/index.php?rest_route=%2Fwp%2Fv2%2Fmedia&parent=9415"}],"wp:term":[{"taxonomy":"category","embeddable":true,"href":"https:\/\/webdealta.info\/index.php?rest_route=%2Fwp%2Fv2%2Fcategories&post=9415"},{"taxonomy":"post_tag","embeddable":true,"href":"https:\/\/webdealta.info\/index.php?rest_route=%2Fwp%2Fv2%2Ftags&post=9415"}],"curies":[{"name":"wp","href":"https:\/\/api.w.org\/{rel}","templated":true}]}}