{"id":9398,"date":"2025-06-05T21:14:06","date_gmt":"2025-06-06T01:14:06","guid":{"rendered":"https:\/\/webdealta.info\/?p=9398"},"modified":"2025-06-05T21:14:08","modified_gmt":"2025-06-06T01:14:08","slug":"donald-donaire-asume-la-gobernacion-con-promesa-de-construir-la-nueva-historia-a-favor-del-pueblo","status":"publish","type":"post","link":"https:\/\/webdealta.info\/?p=9398","title":{"rendered":"Donald Donaire asume la Gobernaci\u00f3n con promesa de \u00abconstruir la nueva historia a favor del pueblo\u00bb"},"content":{"rendered":"\n<p>Sibci Gu\u00e1rico.- Con el amor revolucionario del pueblo guarique\u00f1o, este jueves 5 de junio, prest\u00f3 juramento Donald Donaire como Gobernador de Gu\u00e1rico para el per\u00edodo constitucional 2025\u20132029, ante el Poder Legislativo, representado por la m\u00e1xima autoridad del parlamento guarique\u00f1o, Frank \u00c1lvarez y el presidente de la Asamblea Nacional, diputado Jorge Rodr\u00edguez, desde la parroquia Valle de la Pascua, municipio Leonardo Infante.<\/p>\n\n\n\n<p>Este evento marca el inicio de su gesti\u00f3n al frente del estado, donde se comprometi\u00f3 a cumplir con las promesas hechas durante su campa\u00f1a. En tal sentido, el presidente de la Asamblea Nacional, diputado Jorge Rodr\u00edguez, detall\u00f3 que el pueblo eligi\u00f3 un hombre de pueblo \u00abha llegado la hora de la transformaci\u00f3n de un gobernador que gobierne para el pueblo y por el pueblo\u00bb, afirm\u00f3.<\/p>\n\n\n\n<p>Asimismo, acot\u00f3 que dicha victoria ha sido la m\u00e1s grande de la historia revolucionaria del estado Gu\u00e1rico, \u00abtenemos un compromiso de futuro con cada ni\u00f1o y ni\u00f1a de la patria para construir la nueva revoluci\u00f3n en Gu\u00e1rico y acabar con esas estructuras de burocracias\u00bb, dijo.<\/p>\n\n\n\n<p>Por su parte, el gobernador Donald Donaire, inform\u00f3 que su primer decreto ser\u00e1 la transformaci\u00f3n profunda de la gobernaci\u00f3n \u00abvamos a construir desde cero y va a renacer una nueva gobernaci\u00f3n y ser\u00e1 la gobernaci\u00f3n del pueblo de Gu\u00e1rico\u00bb, dijo.<\/p>\n\n\n\n<p>Adem\u00e1s, hizo referencia que durante sus 55 d\u00edas de campa\u00f1a por todo el territorio de Gu\u00e1rico realizaron las promesas al pueblo y le permiti\u00f3 conocer de primera mano las necesidades y expectativas de los ciudadanos.<\/p>\n\n\n\n<p>Por \u00faltimo, manifest\u00f3 que van a construir la nueva historia entre todos a favor del pueblo, d\u00f3nde ratificar\u00e1n el compromiso con la Revoluci\u00f3n Bolivariana<\/p>\n","protected":false},"excerpt":{"rendered":"<p>Sibci Gu\u00e1rico.- Con el amor revolucionario del pueblo guarique\u00f1o, este jueves 5 de junio, prest\u00f3 juramento Donald Donaire como Gobernador de Gu\u00e1rico para el per\u00edodo constitucional 2025\u20132029, ante el Poder Legislativo, representado por la m\u00e1xima autoridad del parlamento guarique\u00f1o, Frank \u00c1lvarez y el presidente de la Asamblea Nacional, diputado Jorge<\/p>\n","protected":false},"author":2,"featured_media":9399,"comment_status":"open","ping_status":"open","sticky":false,"template":"","format":"standard","meta":{"advanced_seo_description":"","jetpack_seo_html_title":"","jetpack_seo_noindex":false,"_jetpack_memberships_contains_paid_content":false,"footnotes":"","jetpack_publicize_message":"","jetpack_publicize_feature_enabled":true,"jetpack_social_post_already_shared":true,"jetpack_social_options":{"image_generator_settings":{"template":"highway","enabled":false},"version":2}},"categories":[284,251],"tags":[8,7,32],"class_list":["post-9398","post","type-post","status-publish","format-standard","has-post-thumbnail","hentry","category-gobierno-de-guarico","category-webdealta","tag-altagraciadeorituco","tag-guarico","tag-webdealta",""],"jetpack_publicize_connections":[],"jetpack_featured_media_url":"https:\/\/webdealta.info\/wp-content\/uploads\/2025\/06\/c52dfcae-97cc-4303-a7a6-1915614fc25a.jpeg","jetpack_sharing_enabled":true,"jetpack_likes_enabled":true,"jetpack-related-posts":[],"jetpack_shortlink":"https:\/\/wp.me\/pcseDn-2rA","_links":{"self":[{"href":"https:\/\/webdealta.info\/index.php?rest_route=\/wp\/v2\/posts\/9398","targetHints":{"allow":["GET"]}}],"collection":[{"href":"https:\/\/webdealta.info\/index.php?rest_route=\/wp\/v2\/posts"}],"about":[{"href":"https:\/\/webdealta.info\/index.php?rest_route=\/wp\/v2\/types\/post"}],"author":[{"embeddable":true,"href":"https:\/\/webdealta.info\/index.php?rest_route=\/wp\/v2\/users\/2"}],"replies":[{"embeddable":true,"href":"https:\/\/webdealta.info\/index.php?rest_route=%2Fwp%2Fv2%2Fcomments&post=9398"}],"version-history":[{"count":1,"href":"https:\/\/webdealta.info\/index.php?rest_route=\/wp\/v2\/posts\/9398\/revisions"}],"predecessor-version":[{"id":9400,"href":"https:\/\/webdealta.info\/index.php?rest_route=\/wp\/v2\/posts\/9398\/revisions\/9400"}],"wp:featuredmedia":[{"embeddable":true,"href":"https:\/\/webdealta.info\/index.php?rest_route=\/wp\/v2\/media\/9399"}],"wp:attachment":[{"href":"https:\/\/webdealta.info\/index.php?rest_route=%2Fwp%2Fv2%2Fmedia&parent=9398"}],"wp:term":[{"taxonomy":"category","embeddable":true,"href":"https:\/\/webdealta.info\/index.php?rest_route=%2Fwp%2Fv2%2Fcategories&post=9398"},{"taxonomy":"post_tag","embeddable":true,"href":"https:\/\/webdealta.info\/index.php?rest_route=%2Fwp%2Fv2%2Ftags&post=9398"}],"curies":[{"name":"wp","href":"https:\/\/api.w.org\/{rel}","templated":true}]}}