{"id":9393,"date":"2025-06-02T20:20:05","date_gmt":"2025-06-03T00:20:05","guid":{"rendered":"https:\/\/webdealta.info\/?p=9393"},"modified":"2025-06-02T20:20:07","modified_gmt":"2025-06-03T00:20:07","slug":"parlamento-guariqueno-eligio-junta-directiva-para-el-periodo-2025","status":"publish","type":"post","link":"https:\/\/webdealta.info\/?p=9393","title":{"rendered":"Parlamento guarique\u00f1o eligi\u00f3 Junta Directiva para el per\u00edodo 2025"},"content":{"rendered":"\n<p>Prensa Clebg.-<\/p>\n\n\n\n<p>El Consejo Legislativo del estado Bolivariano de Gu\u00e1rico inici\u00f3 nueva legislatura y en este aspecto, este lunes desde las instalaciones de esta casa hacedora de Leyes se llev\u00f3 a cabo la Instalaci\u00f3n y Juramentaci\u00f3n de la Junta Directiva para el per\u00edodo 2025.<\/p>\n\n\n\n<p>Este nuevo Cuerpo Legislativo fue electo junto al gobernador Donald Donaire el pasado 25 de Mayo en los comicios regionales y de la Asamblea Nacional, donde las Fuerzas Revolucionarias del Gran Polo Patri\u00f3tico Sim\u00f3n Bol\u00edvar obtuvieron una gran victoria popular con el 93% de los votos en Gu\u00e1rico, otorgando la mayor\u00eda absoluta dentro del Parlamento regional.<\/p>\n\n\n\n<p>Al respecto, la Directiva del Parlamento guarique\u00f1o qued\u00f3 conformada en la presidencia por el legislador Frank \u00c1lvarez, a su vez, la vicepresidencia estar\u00e1 a cargo de la legisladora Nakelys Castro, y la secretar\u00eda y subsecretar\u00eda ser\u00e1n dirigidas por Yusmary Vidal y Jhoanlly Mart\u00ednez respectivamente.<\/p>\n\n\n\n<p>Cabe destacar, que este acto solemne estuvo acompa\u00f1ado por Diputados y Diputadas a la Asamblea Nacional, autoridades civiles, militares, policiales, as\u00ed como el Poder Popular organizado.<\/p>\n\n\n\n<p>En este sentido, el presidente electo del \u00f3rgano parlamentario Leg. Frank \u00c1lvarez, manifest\u00f3 que en este per\u00edodo legislativo van a trabajar sin descanso desde todas las \u00e1reas para contribuir a fortalecer la gesti\u00f3n del gobernador Donald Donaire.<\/p>\n\n\n\n<p>\u00abNosotros en estos pr\u00f3ximos cuatro a\u00f1os debemos juntos y juntas consolidar una gesti\u00f3n engranada con el Poder Popular organizado\u00bb, resalt\u00f3 \u00c1lvarez.<\/p>\n\n\n\n<p>As\u00ed mismo, el nuevo presidente del Clebg indic\u00f3 que siguiendo las palabras del gobernador Donald Donaire, de hacer una transformaci\u00f3n profunda de las instituciones regionales y colocarlas al servicio del pueblo, desde el Consejo Legislativo har\u00e1n lo propio para asegurar una sola l\u00ednea de acci\u00f3n en favor de las y los guarique\u00f1os.<\/p>\n\n\n\n<p>Finalmente, \u00c1lvarez hizo \u00e9nfasis en que el nuevo cuerpo legislativo debe profundizar la supervisi\u00f3n y ser contralor de las instituciones regionales para donde sea necesario efectuar los correctivos correspondientes, a fin de garantizar que est\u00e9n verdaderamente dirigidas al servicio de la ciudadan\u00eda.<\/p>\n\n\n\n<p>Fotograf\u00edas cortes\u00eda <\/p>\n","protected":false},"excerpt":{"rendered":"<p>Prensa Clebg.- El Consejo Legislativo del estado Bolivariano de Gu\u00e1rico inici\u00f3 nueva legislatura y en este aspecto, este lunes desde las instalaciones de esta casa hacedora de Leyes se llev\u00f3 a cabo la Instalaci\u00f3n y Juramentaci\u00f3n de la Junta Directiva para el per\u00edodo 2025. Este nuevo Cuerpo Legislativo fue electo<\/p>\n","protected":false},"author":2,"featured_media":9394,"comment_status":"open","ping_status":"open","sticky":false,"template":"","format":"standard","meta":{"advanced_seo_description":"","jetpack_seo_html_title":"","jetpack_seo_noindex":false,"_jetpack_memberships_contains_paid_content":false,"footnotes":"","jetpack_publicize_message":"","jetpack_publicize_feature_enabled":true,"jetpack_social_post_already_shared":true,"jetpack_social_options":{"image_generator_settings":{"template":"highway","enabled":false},"version":2}},"categories":[142,251],"tags":[8,7,32],"class_list":["post-9393","post","type-post","status-publish","format-standard","has-post-thumbnail","hentry","category-politica","category-webdealta","tag-altagraciadeorituco","tag-guarico","tag-webdealta",""],"jetpack_publicize_connections":[],"jetpack_featured_media_url":"https:\/\/webdealta.info\/wp-content\/uploads\/2025\/06\/93efa4c0-6737-42dc-a76b-5a94e296bceb.jpeg","jetpack_sharing_enabled":true,"jetpack_likes_enabled":true,"jetpack-related-posts":[],"jetpack_shortlink":"https:\/\/wp.me\/pcseDn-2rv","_links":{"self":[{"href":"https:\/\/webdealta.info\/index.php?rest_route=\/wp\/v2\/posts\/9393","targetHints":{"allow":["GET"]}}],"collection":[{"href":"https:\/\/webdealta.info\/index.php?rest_route=\/wp\/v2\/posts"}],"about":[{"href":"https:\/\/webdealta.info\/index.php?rest_route=\/wp\/v2\/types\/post"}],"author":[{"embeddable":true,"href":"https:\/\/webdealta.info\/index.php?rest_route=\/wp\/v2\/users\/2"}],"replies":[{"embeddable":true,"href":"https:\/\/webdealta.info\/index.php?rest_route=%2Fwp%2Fv2%2Fcomments&post=9393"}],"version-history":[{"count":1,"href":"https:\/\/webdealta.info\/index.php?rest_route=\/wp\/v2\/posts\/9393\/revisions"}],"predecessor-version":[{"id":9395,"href":"https:\/\/webdealta.info\/index.php?rest_route=\/wp\/v2\/posts\/9393\/revisions\/9395"}],"wp:featuredmedia":[{"embeddable":true,"href":"https:\/\/webdealta.info\/index.php?rest_route=\/wp\/v2\/media\/9394"}],"wp:attachment":[{"href":"https:\/\/webdealta.info\/index.php?rest_route=%2Fwp%2Fv2%2Fmedia&parent=9393"}],"wp:term":[{"taxonomy":"category","embeddable":true,"href":"https:\/\/webdealta.info\/index.php?rest_route=%2Fwp%2Fv2%2Fcategories&post=9393"},{"taxonomy":"post_tag","embeddable":true,"href":"https:\/\/webdealta.info\/index.php?rest_route=%2Fwp%2Fv2%2Ftags&post=9393"}],"curies":[{"name":"wp","href":"https:\/\/api.w.org\/{rel}","templated":true}]}}