{"id":9385,"date":"2025-05-31T21:08:34","date_gmt":"2025-06-01T01:08:34","guid":{"rendered":"https:\/\/webdealta.info\/?p=9385"},"modified":"2025-05-31T21:12:43","modified_gmt":"2025-06-01T01:12:43","slug":"cargado-de-fraternidad-fe-y-esperanza-jubileo-de-agentes-de-pastoral","status":"publish","type":"post","link":"https:\/\/webdealta.info\/?p=9385","title":{"rendered":"Cargado de fraternidad, fe y esperanza Jubileo de Agentes de Pastoral\u00a0"},"content":{"rendered":"\n<p>Amanda Saldivia.-&nbsp;<\/p>\n\n\n\n<p>Como un momento festivo, lleno de fraternidad, de fe y de mucha esperanza, caracteriz\u00f3 el padre Luis M\u00e1rquez, responsable del Arciprestazgo Beata Madre Candelaria de San Jos\u00e9, la celebraci\u00f3n del jubileo de los Agentes de Pastoral, acompa\u00f1ados por el Obispo Diocesano Monse\u00f1or Ricardo Barreto.&nbsp;<\/p>\n\n\n\n<p>Al respecto, destac\u00f3 que \u201ccelebrar el jubileo, es tambi\u00e9n Acci\u00f3n de Gracias a Dios por la vida y el servicio de nuestros agentes de las distintas comunidades parroquiales\u201c, quienes se congregaron este s\u00e1bado 31 de mayo, a las 8:00 am, en el parque Sucre de Altagracia de Orituco, para partir en peregrinaci\u00f3n al templo jubilar Nuestra Se\u00f1ora de Altagracia.<\/p>\n\n\n\n<p>En la homil\u00eda Monse\u00f1or Ricardo Barreto invit\u00f3 a los Agentes de Pastoral a aprender de Mar\u00eda, el dinamismo, el servicio y la alegr\u00eda.&nbsp;<\/p>\n\n\n\n<p>La programaci\u00f3n del Arciprestazgo, este s\u00e1bado 31 de mayo, incluy\u00f3 la plenaria de la Asamblea de Escuchas, la cual fue presidida tambi\u00e9n por Monse\u00f1or Ricardo Barreto, con la participaci\u00f3n de casi 100 Agentes de Pastoral que conforman los CPP de las nueve parroquias,\u00a0<\/p>\n\n\n\n<p>Sobre ese encuentro, el padre Luis M\u00e1rquez, precis\u00f3 que entre los temas abordados destac\u00f3 \u201cla necesidad de renovar la pastoral, de una Iglesia m\u00e1s sinodal y misionera, el fortalecimiento de las Peque\u00f1as Comunidades Eclesiales, mayor comuni\u00f3n y participaci\u00f3n dentro de las parroquias, la catequesis y su tiempo de duraci\u00f3n y la urgencia de una pastoral kerigm\u00e1tica que inicie en la fe y la creaci\u00f3n de las Caritas parroquiales\u201d.\u00a0<\/p>\n\n\n\n<p>@amandasaldivia<\/p>\n\n\n\n<p><\/p>\n\n\n\n<p><\/p>\n","protected":false},"excerpt":{"rendered":"<p>Amanda Saldivia.-&nbsp; Como un momento festivo, lleno de fraternidad, de fe y de mucha esperanza, caracteriz\u00f3 el padre Luis M\u00e1rquez, responsable del Arciprestazgo Beata Madre Candelaria de San Jos\u00e9, la celebraci\u00f3n del jubileo de los Agentes de Pastoral, acompa\u00f1ados por el Obispo Diocesano Monse\u00f1or Ricardo Barreto.&nbsp; Al respecto, destac\u00f3 que<\/p>\n","protected":false},"author":2,"featured_media":9386,"comment_status":"open","ping_status":"open","sticky":false,"template":"","format":"standard","meta":{"advanced_seo_description":"","jetpack_seo_html_title":"","jetpack_seo_noindex":false,"_jetpack_memberships_contains_paid_content":false,"footnotes":"","jetpack_publicize_message":"","jetpack_publicize_feature_enabled":true,"jetpack_social_post_already_shared":true,"jetpack_social_options":{"image_generator_settings":{"template":"highway","enabled":false},"version":2}},"categories":[42,251],"tags":[8,7,32],"class_list":["post-9385","post","type-post","status-publish","format-standard","has-post-thumbnail","hentry","category-iglesia-catolica","category-webdealta","tag-altagraciadeorituco","tag-guarico","tag-webdealta",""],"jetpack_publicize_connections":[],"jetpack_featured_media_url":"https:\/\/webdealta.info\/wp-content\/uploads\/2025\/05\/f1e3cd85-c47d-4ce5-99c8-37f33926ba38.jpeg","jetpack_sharing_enabled":true,"jetpack_likes_enabled":true,"jetpack-related-posts":[],"jetpack_shortlink":"https:\/\/wp.me\/pcseDn-2rn","_links":{"self":[{"href":"https:\/\/webdealta.info\/index.php?rest_route=\/wp\/v2\/posts\/9385","targetHints":{"allow":["GET"]}}],"collection":[{"href":"https:\/\/webdealta.info\/index.php?rest_route=\/wp\/v2\/posts"}],"about":[{"href":"https:\/\/webdealta.info\/index.php?rest_route=\/wp\/v2\/types\/post"}],"author":[{"embeddable":true,"href":"https:\/\/webdealta.info\/index.php?rest_route=\/wp\/v2\/users\/2"}],"replies":[{"embeddable":true,"href":"https:\/\/webdealta.info\/index.php?rest_route=%2Fwp%2Fv2%2Fcomments&post=9385"}],"version-history":[{"count":2,"href":"https:\/\/webdealta.info\/index.php?rest_route=\/wp\/v2\/posts\/9385\/revisions"}],"predecessor-version":[{"id":9391,"href":"https:\/\/webdealta.info\/index.php?rest_route=\/wp\/v2\/posts\/9385\/revisions\/9391"}],"wp:featuredmedia":[{"embeddable":true,"href":"https:\/\/webdealta.info\/index.php?rest_route=\/wp\/v2\/media\/9386"}],"wp:attachment":[{"href":"https:\/\/webdealta.info\/index.php?rest_route=%2Fwp%2Fv2%2Fmedia&parent=9385"}],"wp:term":[{"taxonomy":"category","embeddable":true,"href":"https:\/\/webdealta.info\/index.php?rest_route=%2Fwp%2Fv2%2Fcategories&post=9385"},{"taxonomy":"post_tag","embeddable":true,"href":"https:\/\/webdealta.info\/index.php?rest_route=%2Fwp%2Fv2%2Ftags&post=9385"}],"curies":[{"name":"wp","href":"https:\/\/api.w.org\/{rel}","templated":true}]}}