{"id":9370,"date":"2025-05-19T20:10:12","date_gmt":"2025-05-20T00:10:12","guid":{"rendered":"https:\/\/webdealta.info\/?p=9370"},"modified":"2025-05-19T20:11:50","modified_gmt":"2025-05-20T00:11:50","slug":"25m-conoce-el-tarjeton-electoral","status":"publish","type":"post","link":"https:\/\/webdealta.info\/?p=9370","title":{"rendered":"25M: conoce el tarjet\u00f3n electoral"},"content":{"rendered":"\n<p>Amanda Saldivia.-<\/p>\n\n\n\n<p>A pocos d\u00edas para los comicios del 25 de mayo, donde se elegir\u00e1n gobernadores, diputados a la Asamblea Nacional y al Consejo Legislativo, todav\u00eda hay posibilidades de familiarizarse con el tarjet\u00f3n electoral y las m\u00e1quinas que dispuso el CNE para ejercer el voto.<\/p>\n\n\n\n<p>En la plaza Bol\u00edvar de Altagracia estar\u00e1 la Feria Electoral hasta el 23 de mayo, con el personal dispuesto a dar las orientaciones a los ciudadanos que decidan participar.<\/p>\n\n\n\n<p>De acuerdo a lo observado en el tarjet\u00f3n los partidos ligados al gobierno est\u00e1n en la parte superior y en la inferior las opciones de los opositores que decidieron participar en las elecciones del 25 de mayo.<\/p>\n","protected":false},"excerpt":{"rendered":"<p>Amanda Saldivia.- A pocos d\u00edas para los comicios del 25 de mayo, donde se elegir\u00e1n gobernadores, diputados a la Asamblea Nacional y al Consejo Legislativo, todav\u00eda hay posibilidades de familiarizarse con el tarjet\u00f3n electoral y las m\u00e1quinas que dispuso el CNE para ejercer el voto. En la plaza Bol\u00edvar de<\/p>\n","protected":false},"author":2,"featured_media":9371,"comment_status":"open","ping_status":"open","sticky":false,"template":"","format":"standard","meta":{"advanced_seo_description":"","jetpack_seo_html_title":"","jetpack_seo_noindex":false,"_jetpack_memberships_contains_paid_content":false,"footnotes":"","jetpack_publicize_message":"","jetpack_publicize_feature_enabled":true,"jetpack_social_post_already_shared":true,"jetpack_social_options":{"image_generator_settings":{"template":"highway","enabled":false},"version":2}},"categories":[142,251],"tags":[8,7,32],"class_list":["post-9370","post","type-post","status-publish","format-standard","has-post-thumbnail","hentry","category-politica","category-webdealta","tag-altagraciadeorituco","tag-guarico","tag-webdealta",""],"jetpack_publicize_connections":[],"jetpack_featured_media_url":"https:\/\/webdealta.info\/wp-content\/uploads\/2025\/05\/bdbd4649-4cb5-49e9-8f62-2b88b0d8a371.jpeg","jetpack_sharing_enabled":true,"jetpack_likes_enabled":true,"jetpack-related-posts":[],"jetpack_shortlink":"https:\/\/wp.me\/pcseDn-2r8","_links":{"self":[{"href":"https:\/\/webdealta.info\/index.php?rest_route=\/wp\/v2\/posts\/9370","targetHints":{"allow":["GET"]}}],"collection":[{"href":"https:\/\/webdealta.info\/index.php?rest_route=\/wp\/v2\/posts"}],"about":[{"href":"https:\/\/webdealta.info\/index.php?rest_route=\/wp\/v2\/types\/post"}],"author":[{"embeddable":true,"href":"https:\/\/webdealta.info\/index.php?rest_route=\/wp\/v2\/users\/2"}],"replies":[{"embeddable":true,"href":"https:\/\/webdealta.info\/index.php?rest_route=%2Fwp%2Fv2%2Fcomments&post=9370"}],"version-history":[{"count":2,"href":"https:\/\/webdealta.info\/index.php?rest_route=\/wp\/v2\/posts\/9370\/revisions"}],"predecessor-version":[{"id":9373,"href":"https:\/\/webdealta.info\/index.php?rest_route=\/wp\/v2\/posts\/9370\/revisions\/9373"}],"wp:featuredmedia":[{"embeddable":true,"href":"https:\/\/webdealta.info\/index.php?rest_route=\/wp\/v2\/media\/9371"}],"wp:attachment":[{"href":"https:\/\/webdealta.info\/index.php?rest_route=%2Fwp%2Fv2%2Fmedia&parent=9370"}],"wp:term":[{"taxonomy":"category","embeddable":true,"href":"https:\/\/webdealta.info\/index.php?rest_route=%2Fwp%2Fv2%2Fcategories&post=9370"},{"taxonomy":"post_tag","embeddable":true,"href":"https:\/\/webdealta.info\/index.php?rest_route=%2Fwp%2Fv2%2Ftags&post=9370"}],"curies":[{"name":"wp","href":"https:\/\/api.w.org\/{rel}","templated":true}]}}