{"id":9353,"date":"2025-05-05T19:54:47","date_gmt":"2025-05-05T23:54:47","guid":{"rendered":"https:\/\/webdealta.info\/?p=9353"},"modified":"2025-05-05T19:54:49","modified_gmt":"2025-05-05T23:54:49","slug":"exitoso-cierre-del-mes-de-la-educacion-especial-en-la-cancha-de-los-guires","status":"publish","type":"post","link":"https:\/\/webdealta.info\/?p=9353","title":{"rendered":"Exitoso cierre del Mes de la Educaci\u00f3n Especial en la cancha de Los Guires"},"content":{"rendered":"\n<p>El cierre del Mes de la Educaci\u00f3n Especial en Altagracia de Orituco fue en las instalaciones de la cancha de Los Guires, este lunes cinco de mayo, evento que cont\u00f3 con la participacion de diversas instituciones educativas y miembros de la comunidad, a los fines de celebrar los logros y la importancia de la inclusi\u00f3n.&nbsp;<\/p>\n\n\n\n<p>Estuvieron presentes representantes de las instituciones educativas de la modalidad especial, entre ellas el CDI Prof. Pedro Felipe Ledezma, el TEL San Miguel Arc\u00e1ngel y el IEE Altagracia, quienes compartieron experiencias y disfrutaron de las actividades organizadas para la ocasi\u00f3n.<\/p>\n\n\n\n<p>La Dra. Susana Sayegh se incorpor\u00f3 a la celebraci\u00f3n y dirigi\u00f3 unas palabras de agradecimiento al alcalde Pedro Sol\u00f3rzano por su continuo apoyo a la educaci\u00f3n especial. Asimismo, extendi\u00f3 su reconocimiento a las instituciones educativas participantes, a las madres, padres, representantes, personal docente, administrativo y obrero por su invaluable labor y dedicaci\u00f3n.<\/p>\n\n\n\n<p>El cierre del Mes de la Educaci\u00f3n Especial en la cancha de Los Guires se convirti\u00f3 en una jornada de celebraci\u00f3n, integraci\u00f3n y reconocimiento, reafirmando el compromiso de la comunidad con la inclusi\u00f3n y el desarrollo integral de todos los estudiantes.<\/p>\n\n\n\n<p>Prensa CDCE<\/p>\n\n\n\n<p>Fotograf\u00eda cortes\u00eda<\/p>\n\n\n\n<p><\/p>\n","protected":false},"excerpt":{"rendered":"<p>El cierre del Mes de la Educaci\u00f3n Especial en Altagracia de Orituco fue en las instalaciones de la cancha de Los Guires, este lunes cinco de mayo, evento que cont\u00f3 con la participacion de diversas instituciones educativas y miembros de la comunidad, a los fines de celebrar los logros y<\/p>\n","protected":false},"author":2,"featured_media":9354,"comment_status":"open","ping_status":"open","sticky":false,"template":"","format":"standard","meta":{"advanced_seo_description":"","jetpack_seo_html_title":"","jetpack_seo_noindex":false,"_jetpack_memberships_contains_paid_content":false,"footnotes":"","jetpack_publicize_message":"","jetpack_publicize_feature_enabled":true,"jetpack_social_post_already_shared":true,"jetpack_social_options":{"image_generator_settings":{"template":"highway","enabled":false},"version":2}},"categories":[151,251],"tags":[8,7,32],"class_list":["post-9353","post","type-post","status-publish","format-standard","has-post-thumbnail","hentry","category-educacion","category-webdealta","tag-altagraciadeorituco","tag-guarico","tag-webdealta",""],"jetpack_publicize_connections":[],"jetpack_featured_media_url":"https:\/\/webdealta.info\/wp-content\/uploads\/2025\/05\/IMG_7811.jpeg","jetpack_sharing_enabled":true,"jetpack_likes_enabled":true,"jetpack-related-posts":[],"jetpack_shortlink":"https:\/\/wp.me\/pcseDn-2qR","_links":{"self":[{"href":"https:\/\/webdealta.info\/index.php?rest_route=\/wp\/v2\/posts\/9353","targetHints":{"allow":["GET"]}}],"collection":[{"href":"https:\/\/webdealta.info\/index.php?rest_route=\/wp\/v2\/posts"}],"about":[{"href":"https:\/\/webdealta.info\/index.php?rest_route=\/wp\/v2\/types\/post"}],"author":[{"embeddable":true,"href":"https:\/\/webdealta.info\/index.php?rest_route=\/wp\/v2\/users\/2"}],"replies":[{"embeddable":true,"href":"https:\/\/webdealta.info\/index.php?rest_route=%2Fwp%2Fv2%2Fcomments&post=9353"}],"version-history":[{"count":1,"href":"https:\/\/webdealta.info\/index.php?rest_route=\/wp\/v2\/posts\/9353\/revisions"}],"predecessor-version":[{"id":9355,"href":"https:\/\/webdealta.info\/index.php?rest_route=\/wp\/v2\/posts\/9353\/revisions\/9355"}],"wp:featuredmedia":[{"embeddable":true,"href":"https:\/\/webdealta.info\/index.php?rest_route=\/wp\/v2\/media\/9354"}],"wp:attachment":[{"href":"https:\/\/webdealta.info\/index.php?rest_route=%2Fwp%2Fv2%2Fmedia&parent=9353"}],"wp:term":[{"taxonomy":"category","embeddable":true,"href":"https:\/\/webdealta.info\/index.php?rest_route=%2Fwp%2Fv2%2Fcategories&post=9353"},{"taxonomy":"post_tag","embeddable":true,"href":"https:\/\/webdealta.info\/index.php?rest_route=%2Fwp%2Fv2%2Ftags&post=9353"}],"curies":[{"name":"wp","href":"https:\/\/api.w.org\/{rel}","templated":true}]}}