{"id":9350,"date":"2025-05-04T17:30:17","date_gmt":"2025-05-04T21:30:17","guid":{"rendered":"https:\/\/webdealta.info\/?p=9350"},"modified":"2025-05-04T17:35:14","modified_gmt":"2025-05-04T21:35:14","slug":"altagracia-lluvia-del-dia-de-la-cruz-acumulo-72-mm-y-dejo-zonas-sin-electricidad","status":"publish","type":"post","link":"https:\/\/webdealta.info\/?p=9350","title":{"rendered":"Altagracia: lluvia del D\u00eda de la Cruz acumul\u00f3 72 mm y dej\u00f3 zonas sin electricidad\u00a0"},"content":{"rendered":"\n<p>Amanda Saldivia.-&nbsp;<\/p>\n\n\n\n<p>Lluvia fuerte acompa\u00f1ada por descargas el\u00e9ctricas caracteriz\u00f3 la noche de este s\u00e1bado 3 de mayo en Altagracia de Orituco, Gu\u00e1rico, para un total acumulado de precipitaciones de 72,00 mm, seg\u00fan el registro de la estaci\u00f3n meteorol\u00f3gica YV5VEWX.<\/p>\n\n\n\n<p>El dato fue dado a conocer por William Fourneau, radioaficionado y encargado de la mencionada estaci\u00f3n, ubicada en el sector Banco Obrero de esta localidad, quien monitore\u00f3 la situaci\u00f3n meteorol\u00f3gica que ha prevalecido en el noreste de Gu\u00e1rico en las \u00faltimas horas.<\/p>\n\n\n\n<p>A pesar de las intensas lluvias no hubo afectaciones, se\u00f1alo el general Denis Dur\u00e1n, comandante del cuerpo de bomberos Andr\u00e9 Fourneau y director de Seguridad Ciudadana de la alcald\u00eda del municipio Jos\u00e9 Tadeo Monagas, al ser consultado por este medio digital.<\/p>\n\n\n\n<p>Lo que s\u00ed se gener\u00f3 en Altagracia de Orituco, fueron cortes el\u00e9ctricos que superaron, en algunos casos las 10 horas, de acuerdo a las denuncias ciudadanas.<\/p>\n\n\n\n<p>Las cuadrillas de CORPOELEC se desplegaron desde la madrugada del domingo para restablecer el servicio en los sectores afectados.<\/p>\n\n\n\n<p><\/p>\n","protected":false},"excerpt":{"rendered":"<p>Amanda Saldivia.-&nbsp; Lluvia fuerte acompa\u00f1ada por descargas el\u00e9ctricas caracteriz\u00f3 la noche de este s\u00e1bado 3 de mayo en Altagracia de Orituco, Gu\u00e1rico, para un total acumulado de precipitaciones de 72,00 mm, seg\u00fan el registro de la estaci\u00f3n meteorol\u00f3gica YV5VEWX. El dato fue dado a conocer por William Fourneau, radioaficionado y<\/p>\n","protected":false},"author":2,"featured_media":5800,"comment_status":"open","ping_status":"open","sticky":false,"template":"","format":"standard","meta":{"advanced_seo_description":"","jetpack_seo_html_title":"","jetpack_seo_noindex":false,"_jetpack_memberships_contains_paid_content":false,"footnotes":"","jetpack_publicize_message":"","jetpack_publicize_feature_enabled":true,"jetpack_social_post_already_shared":true,"jetpack_social_options":{"image_generator_settings":{"template":"highway","enabled":false},"version":2}},"categories":[335,251],"tags":[8,7,32],"class_list":["post-9350","post","type-post","status-publish","format-standard","has-post-thumbnail","hentry","category-locales","category-webdealta","tag-altagraciadeorituco","tag-guarico","tag-webdealta",""],"jetpack_publicize_connections":[],"jetpack_featured_media_url":"https:\/\/webdealta.info\/wp-content\/uploads\/2022\/11\/lluvias-webdealta-javier-alvarez.png","jetpack_sharing_enabled":true,"jetpack_likes_enabled":true,"jetpack-related-posts":[],"jetpack_shortlink":"https:\/\/wp.me\/pcseDn-2qO","_links":{"self":[{"href":"https:\/\/webdealta.info\/index.php?rest_route=\/wp\/v2\/posts\/9350","targetHints":{"allow":["GET"]}}],"collection":[{"href":"https:\/\/webdealta.info\/index.php?rest_route=\/wp\/v2\/posts"}],"about":[{"href":"https:\/\/webdealta.info\/index.php?rest_route=\/wp\/v2\/types\/post"}],"author":[{"embeddable":true,"href":"https:\/\/webdealta.info\/index.php?rest_route=\/wp\/v2\/users\/2"}],"replies":[{"embeddable":true,"href":"https:\/\/webdealta.info\/index.php?rest_route=%2Fwp%2Fv2%2Fcomments&post=9350"}],"version-history":[{"count":2,"href":"https:\/\/webdealta.info\/index.php?rest_route=\/wp\/v2\/posts\/9350\/revisions"}],"predecessor-version":[{"id":9352,"href":"https:\/\/webdealta.info\/index.php?rest_route=\/wp\/v2\/posts\/9350\/revisions\/9352"}],"wp:featuredmedia":[{"embeddable":true,"href":"https:\/\/webdealta.info\/index.php?rest_route=\/wp\/v2\/media\/5800"}],"wp:attachment":[{"href":"https:\/\/webdealta.info\/index.php?rest_route=%2Fwp%2Fv2%2Fmedia&parent=9350"}],"wp:term":[{"taxonomy":"category","embeddable":true,"href":"https:\/\/webdealta.info\/index.php?rest_route=%2Fwp%2Fv2%2Fcategories&post=9350"},{"taxonomy":"post_tag","embeddable":true,"href":"https:\/\/webdealta.info\/index.php?rest_route=%2Fwp%2Fv2%2Ftags&post=9350"}],"curies":[{"name":"wp","href":"https:\/\/api.w.org\/{rel}","templated":true}]}}