{"id":9346,"date":"2025-04-30T19:13:29","date_gmt":"2025-04-30T23:13:29","guid":{"rendered":"https:\/\/webdealta.info\/?p=9346"},"modified":"2025-04-30T19:13:31","modified_gmt":"2025-04-30T23:13:31","slug":"trabajadores-aspiran-200-dolares-de-salario-minimo","status":"publish","type":"post","link":"https:\/\/webdealta.info\/?p=9346","title":{"rendered":"Trabajadores aspiran 200 d\u00f3lares de salario m\u00ednimo"},"content":{"rendered":"\n<p>Amanda Saldivia.-<\/p>\n\n\n\n<p>Para el sector educativo del municipio Jos\u00e9 Tadeo Monagas, Gu\u00e1rico, la propuesta consensuada \u00abestablece un salario m\u00ednimo de 200 d\u00f3lares mensuales con incidencia en las tablas salariales y en el c\u00e1lculo de prestaciones sociales y dem\u00e1s beneficios establecidos en la ley\u00bb, como un primer paso para devolver el poder adquisitivo a los trabajadores.<\/p>\n\n\n\n<p>El recordatorio de esta propuesta consensuada la hizo el licenciado Wladimir Polachini, delegado sindical de FETRASINED, miembro de la coalici\u00f3n sindical de Altagracia de Orituco e integrante del Movimiento Magisterial Ildemaro Alfonzo, en la v\u00edspera del Primero de Mayo.<\/p>\n\n\n\n<p>Al respecto, argument\u00f3 que desde hace a\u00f1os no se concreta un aumento salarial digno, solo \u00abcorrecciones en los montos de los bonos compensatorios, los cuales no forman parte del salario, lo que significa que no inciden en el c\u00e1lculo de prestaciones sociales, vacaciones ni bonificaci\u00f3n de fin de a\u00f1o, afectando directamente el bienestar de los trabajadores y sus familias\u00bb.<\/p>\n\n\n\n<p>Igualmente, mencion\u00f3 que el sector educativa ha participado en la Mesa de Discusi\u00f3n Social Tripartita, auspiciada por la Organizaci\u00f3n Internacional del Trabajo (OIT), donde est\u00e1n los representantes del sector p\u00fablico, empresarios y centrales de trabajadores, sin ver cristalizada la propuesta de 200 d\u00f3lares como salario m\u00ednimo.<\/p>\n\n\n\n<p>\u00abLa situaci\u00f3n es alarmante, el pueblo trabajador pasa hambre, es imperativo y urgente un aumento salarial real, transparente y sustentable&#8230;esta crisis tambi\u00e9n afecta pensionados y jubilados, quienes enfrentan condiciones extremadamente precarias\u00bb, expres\u00f3 el dirigente sindical.<\/p>\n\n\n\n<p><a>@amandasaldivia<\/a><br><br><\/p>\n","protected":false},"excerpt":{"rendered":"<p>Amanda Saldivia.- Para el sector educativo del municipio Jos\u00e9 Tadeo Monagas, Gu\u00e1rico, la propuesta consensuada \u00abestablece un salario m\u00ednimo de 200 d\u00f3lares mensuales con incidencia en las tablas salariales y en el c\u00e1lculo de prestaciones sociales y dem\u00e1s beneficios establecidos en la ley\u00bb, como un primer paso para devolver el<\/p>\n","protected":false},"author":2,"featured_media":9347,"comment_status":"open","ping_status":"open","sticky":false,"template":"","format":"standard","meta":{"advanced_seo_description":"","jetpack_seo_html_title":"","jetpack_seo_noindex":false,"_jetpack_memberships_contains_paid_content":false,"footnotes":"","jetpack_publicize_message":"","jetpack_publicize_feature_enabled":true,"jetpack_social_post_already_shared":true,"jetpack_social_options":{"image_generator_settings":{"template":"highway","enabled":false},"version":2}},"categories":[335,251],"tags":[8,7,32],"class_list":["post-9346","post","type-post","status-publish","format-standard","has-post-thumbnail","hentry","category-locales","category-webdealta","tag-altagraciadeorituco","tag-guarico","tag-webdealta",""],"jetpack_publicize_connections":[],"jetpack_featured_media_url":"https:\/\/webdealta.info\/wp-content\/uploads\/2025\/04\/sindicatos-2024-webdealta.png","jetpack_sharing_enabled":true,"jetpack_likes_enabled":true,"jetpack-related-posts":[],"jetpack_shortlink":"https:\/\/wp.me\/pcseDn-2qK","_links":{"self":[{"href":"https:\/\/webdealta.info\/index.php?rest_route=\/wp\/v2\/posts\/9346","targetHints":{"allow":["GET"]}}],"collection":[{"href":"https:\/\/webdealta.info\/index.php?rest_route=\/wp\/v2\/posts"}],"about":[{"href":"https:\/\/webdealta.info\/index.php?rest_route=\/wp\/v2\/types\/post"}],"author":[{"embeddable":true,"href":"https:\/\/webdealta.info\/index.php?rest_route=\/wp\/v2\/users\/2"}],"replies":[{"embeddable":true,"href":"https:\/\/webdealta.info\/index.php?rest_route=%2Fwp%2Fv2%2Fcomments&post=9346"}],"version-history":[{"count":1,"href":"https:\/\/webdealta.info\/index.php?rest_route=\/wp\/v2\/posts\/9346\/revisions"}],"predecessor-version":[{"id":9348,"href":"https:\/\/webdealta.info\/index.php?rest_route=\/wp\/v2\/posts\/9346\/revisions\/9348"}],"wp:featuredmedia":[{"embeddable":true,"href":"https:\/\/webdealta.info\/index.php?rest_route=\/wp\/v2\/media\/9347"}],"wp:attachment":[{"href":"https:\/\/webdealta.info\/index.php?rest_route=%2Fwp%2Fv2%2Fmedia&parent=9346"}],"wp:term":[{"taxonomy":"category","embeddable":true,"href":"https:\/\/webdealta.info\/index.php?rest_route=%2Fwp%2Fv2%2Fcategories&post=9346"},{"taxonomy":"post_tag","embeddable":true,"href":"https:\/\/webdealta.info\/index.php?rest_route=%2Fwp%2Fv2%2Ftags&post=9346"}],"curies":[{"name":"wp","href":"https:\/\/api.w.org\/{rel}","templated":true}]}}