{"id":9342,"date":"2025-04-28T20:10:36","date_gmt":"2025-04-29T00:10:36","guid":{"rendered":"https:\/\/webdealta.info\/?p=9342"},"modified":"2025-04-28T20:10:38","modified_gmt":"2025-04-29T00:10:38","slug":"santa-misa-por-el-descanso-eterno-del-papa-francisco","status":"publish","type":"post","link":"https:\/\/webdealta.info\/?p=9342","title":{"rendered":"Santa Misa por el descanso eterno del papa Francisco"},"content":{"rendered":"\n<p>Amanda Saldivia.-<\/p>\n\n\n\n<p>\u00abCon la esperanza puesta en la inmortalidad, nos reunimos en este templo parroquial, en comuni\u00f3n con nuestro Obispo Diocesano Monse\u00f1or Ricardo Barreto, y con todo el Pueblo de Dios que Peregrina en nuestra Di\u00f3cesis de Valle de la Pascua&#8230;para elevar una oraci\u00f3n ferviente por el eterno descanso de nuestro querido Papa Francisco\u00bb, expres\u00f3 el padre y arcipreste Luis M\u00e1rquez al inicio de la Homil\u00eda de la Santa Misa oficiada en el templo Nuestra Se\u00f1ora de Altagracia, en la ma\u00f1ana de este lunes 28 de abril.<br><br>Estuvieron presentes sacerdotes y feligreses de todo el arciprestazgo Beata Madre Candelaria de San Jos\u00e9, para orar por el descanso eterno del pap\u00e1 Francisco, quien dedic\u00f3 su vida a la acci\u00f3n misionera como v\u00eda de transformaci\u00f3n.<br><br>El padre Luis M\u00e1rquez, como responsable del Arciprestazgo Beata Madre de San Jos\u00e9, ley\u00f3 la homil\u00eda dedicada al papa Francisco, documento al cual titul\u00f3 Con la esperanza puesta en la inmortalidad. A continuaci\u00f3n el texto completo:<br><br><strong>CON LA ESPERANZA PUESTA EN LA INMORTALIDAD<\/strong><br>Homil\u00eda del Pbro. Luis M\u00e1rquez<br>Misa funeral del Papa Francisco<br>Templo parroquial de Ntra. Sra. de Altagracia, 28\/04\/2025<br>\u00a0<br>Hermanos Sacerdotes del Arciprestazgo,<br>Agentes de pastoral, provenientes de las distintas comunidades parroquiales,<br>Hermanos todos.<br>Con la esperanza puesta en la inmortalidad, nos reunimos en este templo parroquial, en comuni\u00f3n con nuestro Obispo Diocesano Monse\u00f1or Ricardo Barreto, y con todo el Pueblo de Dios que Peregrina en nuestra Di\u00f3cesis de Valle de la pascua, que en los distintos arciprestazgos se re\u00fane hoy para elevar una oraci\u00f3n ferviente por el eterno descanso de nuestro querido Papa Francisco; al tiempo que damos gracias a Dios por la fecundidad de su vida y de su ministerio apost\u00f3lico.<br>Nos reunimos, conmovidos ante el misterio de la muerte, con la nostalgia de aquellos que comprenden la grandeza del ser humano que ha partido, del pastor que nos ha dejado para ir a la casa del Padre. Nos reunimos, e iluminados por la luz pascual dejamos resonar en nuestro coraz\u00f3n las palabras que el Ap\u00f3stol Pablo dirige \u00a0a la comunidad de Roma: \u201cNinguno de nosotros vive para s\u00ed mismo, ni muere para s\u00ed mismo. Si vivimos, para el Se\u00f1or vivimos; y si morimos, para el Se\u00f1or morimos\u201d. (Rom14,8)<br><strong>Vivir para el Se\u00f1or<\/strong><br>Vivir para el Se\u00f1or es un proyecto de vida para todo cristiano. Este tambi\u00e9n lo fue para Francisco. Quien sinti\u00e9ndose misericordiado por Dios acept\u00f3 el llamado que le hac\u00eda para abrazar la vida sacerdotal y vivirla en un constante acto de entrega de s\u00ed mismo en el servicio a la Iglesia. Un proyecto de vida que se funda precisamente en la experiencia de encuentro con un Cristo vivo, que transforma el coraz\u00f3n, y cambia la vida. Un encuentro que le permiti\u00f3 conocer a Jes\u00fas y luego encontrar gozo al anunciarlo con sus palabras y sus acciones, haciendo de su vida un evangelio vivo.<br>El documento de Aparecida nos ense\u00f1a que \u201cconocer a Jes\u00fas es el mejor regalo que puede recibir cualquier persona; haberlo encontrado nosotros es lo mejor que nos ha ocurrido en la vida, y darlo a conocer con nuestra palabra y obras es nuestro gozo.\u201d (DA 29). De all\u00ed, que vivir para el Se\u00f1or supone un esfuerzo continuo por mantener la frescura del encuentro con Cristo, viviendo con alegr\u00eda al saberse salvados por \u00e9l y liberados de todo lo que trae amargura, dolor y sufrimiento.<br>Francisco am\u00f3 al Se\u00f1or, y am\u00f3 a la Iglesia. Dedic\u00f3 su vida al Se\u00f1or y se entreg\u00f3 hasta el \u00faltimo momento a la Iglesia a la que serv\u00eda y custodiaba con amor de Padre. Am\u00f3 y sirvi\u00f3 a la Iglesia, con la alegr\u00eda la alegr\u00eda de quien se reconoce disc\u00edpulo del Se\u00f1or y enviado con el tesoro del Evangelio, que es buena noticia para todos.<br>Este Evangelio, se esforz\u00f3 por hacerlo resonar en el coraz\u00f3n de todas las personas, especialmente las m\u00e1s fr\u00e1giles, los \u00faltimos, los marginados, los enfermos, los descartables de la sociedad; pues sab\u00eda que \u201cla alegr\u00eda del Evangelio\u00a0llena el coraz\u00f3n y la vida entera de los que se encuentran con Jes\u00fas. Quienes se dejan salvar por \u00c9l son liberados del pecado, de la tristeza, del vac\u00edo interior, del aislamiento\u201d. (EG, 1)<br>Esta convicci\u00f3n le permiti\u00f3 tener un coraz\u00f3n de pastor al modo del coraz\u00f3n de Jes\u00fas, siempre disponible para la escucha y el perd\u00f3n, invit\u00e1ndonos tambi\u00e9n a nosotros a comprometernos con los que sufren. Por eso nos dec\u00eda: \u201cNo deben quedar dudas ni caben explicaciones que debiliten este mensaje tan claro. Hoy y siempre, los pobres son los destinatarios privilegiados del Evangelio y la evangelizaci\u00f3n dirigida gratuitamente a ellos es signo del Reino que Jes\u00fas vino a traer.\u201d (EG, 48)<br><strong>El Sue\u00f1o de Francisco<\/strong><br>Al inicio de su Pontificado, Francisco compart\u00eda con todos un anhelo. Un sue\u00f1o. En Evangelii Gaudium lo expresa al afirmar: \u201cSue\u00f1o con una opci\u00f3n misionera capaz de transformarlo todo, para que las costumbres, los estilos, los horarios, el lenguaje y toda estructura eclesial se convierta en un cauce adecuado para la evangelizaci\u00f3n del mundo actual m\u00e1s que para la autopreservaci\u00f3n\u201d. (EG, 27)<br>Este sue\u00f1o, se comprende desde la misma alegr\u00eda que brota del evangelio, que a su vez se hace compromiso y esperanza, en la Iglesia y para la Iglesia, ya que \u201cla alegr\u00eda del Evangelio que llena la vida de la comunidad de los disc\u00edpulos es una alegr\u00eda misionera\u201d (EG, 21).\u00a0 Por lo tanto, evangelizar supone en la Iglesia la audacia de salir de s\u00ed misma, para ir al encuentro del otro, del alejado.<br>Esto, lo llev\u00f3 a trabajar incansablemente por una conversi\u00f3n pastoral que puso a la Iglesia en camino, con actitud misionera y sinodal. En reiteradas ocasiones lleg\u00f3 a afirmar que \u201cLa Iglesia est\u00e1 llamada a salir de s\u00ed misma e ir a las periferias, no solo las geogr\u00e1ficas, sino tambi\u00e9n las periferias existenciales: las del misterio del pecado, las del dolor, las de la injusticia, las de la ignorancia y prescindencia religiosa, las del pensamiento, las de toda miseria\u201d (\u00abXXXV Meeting por la amistad entre los pueblos\u00bb, el 9 de marzo de 2013).<br>Para esta salida misionera, mostr\u00f3 a la Iglesia el camino a recorrer, marcado por la sinodalidad, la escucha, el discernimiento, para as\u00ed poder impulsar una pastoral de comuni\u00f3n y participaci\u00f3n que responda mejor a la misi\u00f3n que el mismo cristo confi\u00f3 a la Iglesia.<br><strong>Si el grano de trigo muere, produce frutos<\/strong><br>Despu\u00e9s de una vida fecunda en el servicio a Dios y a los hermanos. De testimonio y entrega, nuestro querido Papa entreg\u00f3 su alma al se\u00f1or, \u00a0al amanecer del lunes de la octava de Pascua. Su muerte es oportunidad para que resplandezca en toda la Iglesia la firme esperanza de la resurrecci\u00f3n, cuyo misterio resplandece en Cristo.<br>Hemos escuchado que si el grano de trigo sembrado en la tierra muere, produce frutos abundantes. En la certeza de la fe, tenemos la convicci\u00f3n de que el legado que el Papa deja a la Iglesia, su amplio magisterio, su testimonio de fe, de humildad y servicio, producir\u00e1n frutos abundantes en favor de esta Iglesia que continua su peregrinar por este mundo. Ha finalizado la vida del Papa, pero la misi\u00f3n de la Iglesia continua, y se renueva cada d\u00eda, con nuevos desaf\u00edos.<br>A\u00fan resuenan en nuestros corazones los reiterados llamados que el papa realiz\u00f3 a los venezolanos para resolver nuestros conflictos internos por medio del dialogo, el entendimiento, la reconciliaci\u00f3n y los medios democr\u00e1ticos. Siempre contamos con la Oraci\u00f3n de Francisco, seguro estoy que desde el cielo tambi\u00e9n interceder\u00e1 por la reconciliaci\u00f3n y la paz de los venezolanos. Hoy tambi\u00e9n agradecemos el darnos el regalo de la canonizaci\u00f3n de nuestros dos Beatos: Jos\u00e9 Gregorio Hern\u00e1ndez y Carmen Rendiles. En ellos nos ofrece el testimonio de una vida vivida desde el amor al Se\u00f1or y el servicio a los hermanos.<br>Hermanos, con la esperanza puesta en la inmortalidad, continuemos nuestro servicio y apostolado en la Iglesia siguiendo el ejemplo que nos ha dado el Papa. Con una vida vivida para el Se\u00f1or, siendo evangelizadores guiados por la fuerza del Esp\u00edritu, rechazando la mundanidad espiritual que carcome y vuelve infecunda la vida de la Iglesia. \u00a0Pong\u00e1monos en camino, todos juntos, para hacer realidad el sue\u00f1o de Dios, que es tambi\u00e9n el sue\u00f1o del Papa: Una sociedad m\u00e1s justa, y m\u00e1s fraterna, donde se respeta la dignidad del ser humano, donde se custodia la vida y se celebran el perd\u00f3n y la reconciliaci\u00f3n. Una sociedad que custodia la creaci\u00f3n como don preciado de Dios. Y anim\u00e9monos cada d\u00eda m\u00e1s, a renovar nuestro encuentro personal con Cristo que nos permita ser una Iglesia, viva, alegre, misionera, y de puertas abiertas para todos. Una Iglesia que lleva a todos la Buena noticia, que sana, libera, y hace disc\u00edpulos. Una Noticia que es Jesucristo, que est\u00e1 vivo, y nos quiere vivos.<br><br><\/p>\n","protected":false},"excerpt":{"rendered":"<p>Amanda Saldivia.- \u00abCon la esperanza puesta en la inmortalidad, nos reunimos en este templo parroquial, en comuni\u00f3n con nuestro Obispo Diocesano Monse\u00f1or Ricardo Barreto, y con todo el Pueblo de Dios que Peregrina en nuestra Di\u00f3cesis de Valle de la Pascua&#8230;para elevar una oraci\u00f3n ferviente por el eterno descanso de<\/p>\n","protected":false},"author":2,"featured_media":9343,"comment_status":"open","ping_status":"open","sticky":false,"template":"","format":"standard","meta":{"advanced_seo_description":"","jetpack_seo_html_title":"","jetpack_seo_noindex":false,"_jetpack_memberships_contains_paid_content":false,"footnotes":"","jetpack_publicize_message":"","jetpack_publicize_feature_enabled":true,"jetpack_social_post_already_shared":true,"jetpack_social_options":{"image_generator_settings":{"template":"highway","enabled":false},"version":2}},"categories":[42,251],"tags":[8,7,32],"class_list":["post-9342","post","type-post","status-publish","format-standard","has-post-thumbnail","hentry","category-iglesia-catolica","category-webdealta","tag-altagraciadeorituco","tag-guarico","tag-webdealta",""],"jetpack_publicize_connections":[],"jetpack_featured_media_url":"https:\/\/webdealta.info\/wp-content\/uploads\/2025\/04\/homilia-pasre-luis-webdealta.png","jetpack_sharing_enabled":true,"jetpack_likes_enabled":true,"jetpack-related-posts":[],"jetpack_shortlink":"https:\/\/wp.me\/pcseDn-2qG","_links":{"self":[{"href":"https:\/\/webdealta.info\/index.php?rest_route=\/wp\/v2\/posts\/9342","targetHints":{"allow":["GET"]}}],"collection":[{"href":"https:\/\/webdealta.info\/index.php?rest_route=\/wp\/v2\/posts"}],"about":[{"href":"https:\/\/webdealta.info\/index.php?rest_route=\/wp\/v2\/types\/post"}],"author":[{"embeddable":true,"href":"https:\/\/webdealta.info\/index.php?rest_route=\/wp\/v2\/users\/2"}],"replies":[{"embeddable":true,"href":"https:\/\/webdealta.info\/index.php?rest_route=%2Fwp%2Fv2%2Fcomments&post=9342"}],"version-history":[{"count":1,"href":"https:\/\/webdealta.info\/index.php?rest_route=\/wp\/v2\/posts\/9342\/revisions"}],"predecessor-version":[{"id":9344,"href":"https:\/\/webdealta.info\/index.php?rest_route=\/wp\/v2\/posts\/9342\/revisions\/9344"}],"wp:featuredmedia":[{"embeddable":true,"href":"https:\/\/webdealta.info\/index.php?rest_route=\/wp\/v2\/media\/9343"}],"wp:attachment":[{"href":"https:\/\/webdealta.info\/index.php?rest_route=%2Fwp%2Fv2%2Fmedia&parent=9342"}],"wp:term":[{"taxonomy":"category","embeddable":true,"href":"https:\/\/webdealta.info\/index.php?rest_route=%2Fwp%2Fv2%2Fcategories&post=9342"},{"taxonomy":"post_tag","embeddable":true,"href":"https:\/\/webdealta.info\/index.php?rest_route=%2Fwp%2Fv2%2Ftags&post=9342"}],"curies":[{"name":"wp","href":"https:\/\/api.w.org\/{rel}","templated":true}]}}