{"id":9330,"date":"2025-04-28T12:25:25","date_gmt":"2025-04-28T16:25:25","guid":{"rendered":"https:\/\/webdealta.info\/?p=9330"},"modified":"2025-04-28T12:25:31","modified_gmt":"2025-04-28T16:25:31","slug":"alejandra-baron-el-voto-es-la-unica-herramienta-que-tenemos-para-generar-los-cambios","status":"publish","type":"post","link":"https:\/\/webdealta.info\/?p=9330","title":{"rendered":"Alejandra Bar\u00f3n: \u00abel voto es la \u00fanica herramienta que tenemos para generar los cambios\u00bb"},"content":{"rendered":"\n<p>Amanda Saldivia.-<\/p>\n\n\n\n<p>Con la tarjeta del movimiento ciudadano Cambiemos y el apoyo de Acci\u00f3n Democr\u00e1tica, entre otras organizaciones pol\u00edticas, la soci\u00f3logo Alejandra Bar\u00f3n inici\u00f3 el recorrido por esta entidad llanera como candidata a la gobernaci\u00f3n del estado Gu\u00e1rico, gira que incluy\u00f3 a Altagracia de Orituco, el pasado s\u00e1bado 26 de abril.<\/p>\n\n\n\n<p>En declaraciones ofrecidas a este medio digital, precis\u00f3 que se trata de una primera vuelta para reuniones con los equipos y acercamiento a algunas comunidades para darse a conocer como aspirante a dirigir Gu\u00e1rico, consciente del poco tiempo que resta para la elecci\u00f3n del 25 de mayo, pero a la vez enfocada en llamar al voto.<\/p>\n\n\n\n<p>Al preguntarle qui\u00e9n es Alejandra Bar\u00f3n, se present\u00f3 como \u00abuna guarique\u00f1a, sanjuanera, nacida y criada en San Juan de los Morros, estudi\u00e9 sociolog\u00eda en la Universidad Central de Venezuela y luego regres\u00e9 a San Juan de los Morros&#8230;tengo un tiempo en el ejercicio de la vida pol\u00edtica y en este momento asumo el compromiso y el reto ante la coyuntura que demanda el pa\u00eds de ser la propuesta para el cambio y la transformaci\u00f3n que hoy clama el pueblo y el estado Gu\u00e1rico\u00bb.<\/p>\n\n\n\n<p>Sobre la campa\u00f1a, dijo que est\u00e1 basada en \u00abesencia y esp\u00edritu en la reconciliaci\u00f3n, en la unidad, en la participaci\u00f3n\u00bb, misi\u00f3n que tienen las 14 organizaciones pol\u00edticas que la acompa\u00f1an para recuperar Gu\u00e1rico.<\/p>\n\n\n\n<p>Durante el desarrollo de la entrevista se le pregunt\u00f3 acerca de la postura de partidos de oposici\u00f3n que llaman a no participar, en virtud de lo ocurrido el 28 de julio de 2024, al respecto se\u00f1al\u00f3 que \u00abel voto es la \u00fanica herramienta que tenemos para generar los cambios, hay una profunda decepci\u00f3n, eso es innegable, a nadie la vamos a mentir, la gente est\u00e1 cansada, agotada de 25 a\u00f1os de promesas que no est\u00e1n resueltas, la cotidianidad est\u00e1 marcada por la precariedad, el abuso, la invasi\u00f3n de la tranquilidad de los hogares\u00bb.<\/p>\n\n\n\n<p>Por otra parte, Alejandra Bar\u00f3n dio a conocer los lazos que la unen a Altagracia de Orituco, espec\u00edficamente al sector Pe\u00f1a de Mota, donde pasaba vacaciones en la casa de su abuelo paterno Juan Bar\u00f3n, de all\u00ed que ese sector fue incluido en esta primera visita de contacto con las comunidades de Altagracia.<\/p>\n\n\n\n<p>Las declaraciones a la Web de Altagracia fueron en la casa de Zoraida Rivero, secretaria general de AD del municipio Jos\u00e9 Tadeo Monagas. Tambi\u00e9n estuvo presente Antonio Muguesa, aspirante a diputado a la Asamblea Nacional.<\/p>\n\n\n\n<p><a>@amandasaldivia<\/a>    <\/p>\n","protected":false},"excerpt":{"rendered":"<p>Amanda Saldivia.- Con la tarjeta del movimiento ciudadano Cambiemos y el apoyo de Acci\u00f3n Democr\u00e1tica, entre otras organizaciones pol\u00edticas, la soci\u00f3logo Alejandra Bar\u00f3n inici\u00f3 el recorrido por esta entidad llanera como candidata a la gobernaci\u00f3n del estado Gu\u00e1rico, gira que incluy\u00f3 a Altagracia de Orituco, el pasado s\u00e1bado 26 de<\/p>\n","protected":false},"author":2,"featured_media":9331,"comment_status":"open","ping_status":"open","sticky":false,"template":"","format":"standard","meta":{"advanced_seo_description":"","jetpack_seo_html_title":"","jetpack_seo_noindex":false,"_jetpack_memberships_contains_paid_content":false,"footnotes":"","jetpack_publicize_message":"","jetpack_publicize_feature_enabled":true,"jetpack_social_post_already_shared":true,"jetpack_social_options":{"image_generator_settings":{"template":"highway","enabled":false},"version":2}},"categories":[142,251],"tags":[8,7,32],"class_list":["post-9330","post","type-post","status-publish","format-standard","has-post-thumbnail","hentry","category-politica","category-webdealta","tag-altagraciadeorituco","tag-guarico","tag-webdealta",""],"jetpack_publicize_connections":[],"jetpack_featured_media_url":"https:\/\/webdealta.info\/wp-content\/uploads\/2025\/04\/alajandra-baron-webdealta.png","jetpack_sharing_enabled":true,"jetpack_likes_enabled":true,"jetpack-related-posts":[],"jetpack_shortlink":"https:\/\/wp.me\/pcseDn-2qu","_links":{"self":[{"href":"https:\/\/webdealta.info\/index.php?rest_route=\/wp\/v2\/posts\/9330","targetHints":{"allow":["GET"]}}],"collection":[{"href":"https:\/\/webdealta.info\/index.php?rest_route=\/wp\/v2\/posts"}],"about":[{"href":"https:\/\/webdealta.info\/index.php?rest_route=\/wp\/v2\/types\/post"}],"author":[{"embeddable":true,"href":"https:\/\/webdealta.info\/index.php?rest_route=\/wp\/v2\/users\/2"}],"replies":[{"embeddable":true,"href":"https:\/\/webdealta.info\/index.php?rest_route=%2Fwp%2Fv2%2Fcomments&post=9330"}],"version-history":[{"count":1,"href":"https:\/\/webdealta.info\/index.php?rest_route=\/wp\/v2\/posts\/9330\/revisions"}],"predecessor-version":[{"id":9332,"href":"https:\/\/webdealta.info\/index.php?rest_route=\/wp\/v2\/posts\/9330\/revisions\/9332"}],"wp:featuredmedia":[{"embeddable":true,"href":"https:\/\/webdealta.info\/index.php?rest_route=\/wp\/v2\/media\/9331"}],"wp:attachment":[{"href":"https:\/\/webdealta.info\/index.php?rest_route=%2Fwp%2Fv2%2Fmedia&parent=9330"}],"wp:term":[{"taxonomy":"category","embeddable":true,"href":"https:\/\/webdealta.info\/index.php?rest_route=%2Fwp%2Fv2%2Fcategories&post=9330"},{"taxonomy":"post_tag","embeddable":true,"href":"https:\/\/webdealta.info\/index.php?rest_route=%2Fwp%2Fv2%2Ftags&post=9330"}],"curies":[{"name":"wp","href":"https:\/\/api.w.org\/{rel}","templated":true}]}}