{"id":9311,"date":"2025-04-21T20:41:14","date_gmt":"2025-04-22T00:41:14","guid":{"rendered":"https:\/\/webdealta.info\/?p=9311"},"modified":"2025-04-21T20:42:30","modified_gmt":"2025-04-22T00:42:30","slug":"monsenor-barreto-decreto-novenarios-de-misa-en-todas-las-parroquias","status":"publish","type":"post","link":"https:\/\/webdealta.info\/?p=9311","title":{"rendered":"Monse\u00f1or Barreto decret\u00f3 novenarios de misa en todas las parroquias"},"content":{"rendered":"\n<p>Amanda Saldivia.-<\/p>\n\n\n\n<p>Un novenario de misas en todas las parroquias eclesi\u00e1sticas que dependen de la Di\u00f3cesis de Valle de la Pascua, adem\u00e1s de una eucarist\u00eda arciprestal pauta para el pr\u00f3ximo lunes 28 de abril, incluye el decreto firmado por Monse\u00f1or Ricardo Barreto, al conocerse la noticia del fallecimiento del Papa Francisco.<\/p>\n\n\n\n<p>\u00abCon profundo dolor, nos unimos al duelo de la Iglesia por la defunci\u00f3n del Santo Padre Francisco. En el recibir esta triste noticia somos reconfortados por la esperanza pascual y jubilar\u00bb, es el texto que encabeza el decreto divulgado este lunes.<\/p>\n\n\n\n<p>La informaci\u00f3n fue dada a conocer por el padre Luis M\u00e1rquez, arcipreste del Arciprestazgo Beata Madre Candelaria de San Jos\u00e9, el cual agrupa a las parroquias eclesi\u00e1sticas de los municipios Jos\u00e9 Tadeo Monagas y San Jos\u00e9 de Guaribe.<\/p>\n\n\n\n<p>Al final del decreto, Monse\u00f1or Barreto, Obispo de la Di\u00f3cesis de Valle de la Pascua, expres\u00f3 que \u00abagradecemos al papa Francisco su vida entregada al servicio del Se\u00f1or y de su Iglesia, ense\u00f1ando a vivir el evangelio con amor y fidelidad, de un modo particular a favor de los pobres y marginados\u00bb.<\/p>\n\n\n\n<p><a>@amandasaldivia<\/a><br><br><\/p>\n","protected":false},"excerpt":{"rendered":"<p>Amanda Saldivia.- Un novenario de misas en todas las parroquias eclesi\u00e1sticas que dependen de la Di\u00f3cesis de Valle de la Pascua, adem\u00e1s de una eucarist\u00eda arciprestal pauta para el pr\u00f3ximo lunes 28 de abril, incluye el decreto firmado por Monse\u00f1or Ricardo Barreto, al conocerse la noticia del fallecimiento del Papa<\/p>\n","protected":false},"author":2,"featured_media":9312,"comment_status":"open","ping_status":"open","sticky":false,"template":"","format":"standard","meta":{"advanced_seo_description":"","jetpack_seo_html_title":"","jetpack_seo_noindex":false,"_jetpack_memberships_contains_paid_content":false,"footnotes":"","jetpack_publicize_message":"","jetpack_publicize_feature_enabled":true,"jetpack_social_post_already_shared":true,"jetpack_social_options":{"image_generator_settings":{"template":"highway","enabled":false},"version":2}},"categories":[42,251],"tags":[8,7,32],"class_list":["post-9311","post","type-post","status-publish","format-standard","has-post-thumbnail","hentry","category-iglesia-catolica","category-webdealta","tag-altagraciadeorituco","tag-guarico","tag-webdealta",""],"jetpack_publicize_connections":[],"jetpack_featured_media_url":"https:\/\/webdealta.info\/wp-content\/uploads\/2025\/04\/diocesis-fracisco-webdealta.png","jetpack_sharing_enabled":true,"jetpack_likes_enabled":true,"jetpack-related-posts":[],"jetpack_shortlink":"https:\/\/wp.me\/pcseDn-2qb","_links":{"self":[{"href":"https:\/\/webdealta.info\/index.php?rest_route=\/wp\/v2\/posts\/9311","targetHints":{"allow":["GET"]}}],"collection":[{"href":"https:\/\/webdealta.info\/index.php?rest_route=\/wp\/v2\/posts"}],"about":[{"href":"https:\/\/webdealta.info\/index.php?rest_route=\/wp\/v2\/types\/post"}],"author":[{"embeddable":true,"href":"https:\/\/webdealta.info\/index.php?rest_route=\/wp\/v2\/users\/2"}],"replies":[{"embeddable":true,"href":"https:\/\/webdealta.info\/index.php?rest_route=%2Fwp%2Fv2%2Fcomments&post=9311"}],"version-history":[{"count":2,"href":"https:\/\/webdealta.info\/index.php?rest_route=\/wp\/v2\/posts\/9311\/revisions"}],"predecessor-version":[{"id":9314,"href":"https:\/\/webdealta.info\/index.php?rest_route=\/wp\/v2\/posts\/9311\/revisions\/9314"}],"wp:featuredmedia":[{"embeddable":true,"href":"https:\/\/webdealta.info\/index.php?rest_route=\/wp\/v2\/media\/9312"}],"wp:attachment":[{"href":"https:\/\/webdealta.info\/index.php?rest_route=%2Fwp%2Fv2%2Fmedia&parent=9311"}],"wp:term":[{"taxonomy":"category","embeddable":true,"href":"https:\/\/webdealta.info\/index.php?rest_route=%2Fwp%2Fv2%2Fcategories&post=9311"},{"taxonomy":"post_tag","embeddable":true,"href":"https:\/\/webdealta.info\/index.php?rest_route=%2Fwp%2Fv2%2Ftags&post=9311"}],"curies":[{"name":"wp","href":"https:\/\/api.w.org\/{rel}","templated":true}]}}