{"id":9307,"date":"2025-04-15T17:15:14","date_gmt":"2025-04-15T21:15:14","guid":{"rendered":"https:\/\/webdealta.info\/?p=9307"},"modified":"2025-04-15T17:15:16","modified_gmt":"2025-04-15T21:15:16","slug":"gracitanos-participaran-en-festival-nacional-escolar-de-ajedrez","status":"publish","type":"post","link":"https:\/\/webdealta.info\/?p=9307","title":{"rendered":"Gracitanos participar\u00e1n en Festival Nacional Escolar de Ajedrez"},"content":{"rendered":"\n<p>Amanda Saldivia.-<\/p>\n\n\n\n<p>A Puerto Ordaz viajar\u00e1n los dos gracitanos que clasificaron por Gu\u00e1rico para participar en el Festival Nacional Escolar de Ajedrez Guayana 2025, que se realizar\u00e1 del primero al cuatro de mayo, en esa ciudad del estado Bol\u00edvar.<\/p>\n\n\n\n<p>La eliminatoria regional escolar fue de manera virtual, en la ma\u00f1ana de este martes 15 de abril, con la participaci\u00f3n de 25 ajedrecistas de Gu\u00e1rico, con la buena noticia de dos clasificados por el municipio Jos\u00e9 Tadeo Monagas, ellos son Juan Pablo Rojas, categor\u00eda sub-11 y Agust\u00edn Guti\u00e9rrez, categor\u00eda sub-13.<\/p>\n\n\n\n<p>El entrenador Anthony Araque, coment\u00f3 que participaron en cinco categor\u00edas y lograron clasificar en dos, lo que considera un excelente resultado para los participantes.<\/p>\n\n\n\n<p>\u00abEstoy muy contento por el resultado de los j\u00f3venes, es el primer paso para ellos en un largo camino en la disciplina, es su primer evento y para m\u00ed todos son ganadores, aunque no hayan clasificado todos, porque igual ganaron aprendizaje, vamos a seguir trabajando fuerte para ir progresando en la disciplina de la mano del se\u00f1or Pablo Rojas y la C\u00e1mara de Comercio en busca de resultados positivos\u00bb, resalt\u00f3 Araque, quien estuvo acompa\u00f1ado por el tambi\u00e9n entrenador Wilfredo Moreno.<\/p>\n\n\n\n<p>A continuaci\u00f3n la tabla de resultados:<br><br>Categor\u00eda Sub-09: Wilfredo Moreno, 2do. lugar eliminatoria<br>Categor\u00eda Sub-11: Juan Pablo Rojas CLASIFICADO<br>Categor\u00eda Sub-13: Agust\u00edn Guti\u00e9rrez CLASIFICADO<br>Categor\u00eda Sub-13 femenino: Anabella M\u00e1rquez. 2do. lugar eliminatoria<br>Categor\u00eda Sub-17 femenino: Gabriela Rangel<br><br>@amandasaldivia<br><br><\/p>\n","protected":false},"excerpt":{"rendered":"<p>Amanda Saldivia.- A Puerto Ordaz viajar\u00e1n los dos gracitanos que clasificaron por Gu\u00e1rico para participar en el Festival Nacional Escolar de Ajedrez Guayana 2025, que se realizar\u00e1 del primero al cuatro de mayo, en esa ciudad del estado Bol\u00edvar. La eliminatoria regional escolar fue de manera virtual, en la ma\u00f1ana<\/p>\n","protected":false},"author":2,"featured_media":9308,"comment_status":"open","ping_status":"open","sticky":false,"template":"","format":"standard","meta":{"advanced_seo_description":"","jetpack_seo_html_title":"","jetpack_seo_noindex":false,"_jetpack_memberships_contains_paid_content":false,"footnotes":"","jetpack_publicize_message":"","jetpack_publicize_feature_enabled":true,"jetpack_social_post_already_shared":true,"jetpack_social_options":{"image_generator_settings":{"template":"highway","enabled":false},"version":2}},"categories":[151,251],"tags":[8,7,32],"class_list":["post-9307","post","type-post","status-publish","format-standard","has-post-thumbnail","hentry","category-educacion","category-webdealta","tag-altagraciadeorituco","tag-guarico","tag-webdealta",""],"jetpack_publicize_connections":[],"jetpack_featured_media_url":"https:\/\/webdealta.info\/wp-content\/uploads\/2025\/04\/ajedrez-webdealta.png","jetpack_sharing_enabled":true,"jetpack_likes_enabled":true,"jetpack-related-posts":[],"jetpack_shortlink":"https:\/\/wp.me\/pcseDn-2q7","_links":{"self":[{"href":"https:\/\/webdealta.info\/index.php?rest_route=\/wp\/v2\/posts\/9307","targetHints":{"allow":["GET"]}}],"collection":[{"href":"https:\/\/webdealta.info\/index.php?rest_route=\/wp\/v2\/posts"}],"about":[{"href":"https:\/\/webdealta.info\/index.php?rest_route=\/wp\/v2\/types\/post"}],"author":[{"embeddable":true,"href":"https:\/\/webdealta.info\/index.php?rest_route=\/wp\/v2\/users\/2"}],"replies":[{"embeddable":true,"href":"https:\/\/webdealta.info\/index.php?rest_route=%2Fwp%2Fv2%2Fcomments&post=9307"}],"version-history":[{"count":1,"href":"https:\/\/webdealta.info\/index.php?rest_route=\/wp\/v2\/posts\/9307\/revisions"}],"predecessor-version":[{"id":9309,"href":"https:\/\/webdealta.info\/index.php?rest_route=\/wp\/v2\/posts\/9307\/revisions\/9309"}],"wp:featuredmedia":[{"embeddable":true,"href":"https:\/\/webdealta.info\/index.php?rest_route=\/wp\/v2\/media\/9308"}],"wp:attachment":[{"href":"https:\/\/webdealta.info\/index.php?rest_route=%2Fwp%2Fv2%2Fmedia&parent=9307"}],"wp:term":[{"taxonomy":"category","embeddable":true,"href":"https:\/\/webdealta.info\/index.php?rest_route=%2Fwp%2Fv2%2Fcategories&post=9307"},{"taxonomy":"post_tag","embeddable":true,"href":"https:\/\/webdealta.info\/index.php?rest_route=%2Fwp%2Fv2%2Ftags&post=9307"}],"curies":[{"name":"wp","href":"https:\/\/api.w.org\/{rel}","templated":true}]}}