{"id":9298,"date":"2025-04-10T17:10:05","date_gmt":"2025-04-10T21:10:05","guid":{"rendered":"https:\/\/webdealta.info\/?p=9298"},"modified":"2025-04-10T17:10:08","modified_gmt":"2025-04-10T21:10:08","slug":"celebrada-feria-pedagogica-entre-todos-cuidamos-la-salud","status":"publish","type":"post","link":"https:\/\/webdealta.info\/?p=9298","title":{"rendered":"Celebrada feria pedag\u00f3gica Entre todos cuidamos la salud"},"content":{"rendered":"\n<p>Amanda Saldivia.-<\/p>\n\n\n\n<p>Con la participaci\u00f3n de estudiantes de 10 instituciones educativas del municipio Jos\u00e9 Tadeo Monagas, Gu\u00e1rico, se realiz\u00f3 en la ma\u00f1ana de este jueves 10 de abril, la Feria Pedag\u00f3gica Municipal Entre todos cuidamos la salud.<\/p>\n\n\n\n<p>La docente Nury Garc\u00eda, coordinadora de Formaci\u00f3n e Investigaci\u00f3n de la EB. Jos\u00e9 Tadeo Monagas, ubicada en el sector Tricentenario de Altagracia de Orituco, se\u00f1al\u00f3 que los estudiantes presentaron distintos temas, acordes al nivel que cursan, entre ellos higiene dental, sistemas del cuerpo humano, enfermedades comunes, prevenci\u00f3n del VIH, cambios en los adolescentes y plantas medicinales.<\/p>\n\n\n\n<p>\u00abSe observ\u00f3 la creatividad, habilidades, con el fin de reflexionar y valorar nuestra salud\u00bb, expres\u00f3 la docente Nury Garc\u00eda, al contar c\u00f3mo se desarroll\u00f3 el encuentro en esa escuela, la cual fue la anfitriona de la Feria Pedag\u00f3gica.<\/p>\n\n\n\n<p>Tambi\u00e9n, mencion\u00f3 que estuvieron presentes las coordinadoras Anny Nava y Yudy Flores, por parte del Centro de Desarrollo de la Calidad Educativa Municipal; adem\u00e1s del Dr. Carlos Tovar y el equipo del programa Salud va a la Escuela.<\/p>\n\n\n\n<p><a>@amandasaldivia<\/a><br><br><\/p>\n","protected":false},"excerpt":{"rendered":"<p>Amanda Saldivia.- Con la participaci\u00f3n de estudiantes de 10 instituciones educativas del municipio Jos\u00e9 Tadeo Monagas, Gu\u00e1rico, se realiz\u00f3 en la ma\u00f1ana de este jueves 10 de abril, la Feria Pedag\u00f3gica Municipal Entre todos cuidamos la salud. La docente Nury Garc\u00eda, coordinadora de Formaci\u00f3n e Investigaci\u00f3n de la EB. Jos\u00e9<\/p>\n","protected":false},"author":2,"featured_media":9299,"comment_status":"open","ping_status":"open","sticky":false,"template":"","format":"standard","meta":{"advanced_seo_description":"","jetpack_seo_html_title":"","jetpack_seo_noindex":false,"_jetpack_memberships_contains_paid_content":false,"footnotes":"","jetpack_publicize_message":"","jetpack_publicize_feature_enabled":true,"jetpack_social_post_already_shared":true,"jetpack_social_options":{"image_generator_settings":{"template":"highway","enabled":false},"version":2}},"categories":[151,251],"tags":[8,7,32],"class_list":["post-9298","post","type-post","status-publish","format-standard","has-post-thumbnail","hentry","category-educacion","category-webdealta","tag-altagraciadeorituco","tag-guarico","tag-webdealta",""],"jetpack_publicize_connections":[],"jetpack_featured_media_url":"https:\/\/webdealta.info\/wp-content\/uploads\/2025\/04\/feria-salud-webdealta.png","jetpack_sharing_enabled":true,"jetpack_likes_enabled":true,"jetpack-related-posts":[],"jetpack_shortlink":"https:\/\/wp.me\/pcseDn-2pY","_links":{"self":[{"href":"https:\/\/webdealta.info\/index.php?rest_route=\/wp\/v2\/posts\/9298","targetHints":{"allow":["GET"]}}],"collection":[{"href":"https:\/\/webdealta.info\/index.php?rest_route=\/wp\/v2\/posts"}],"about":[{"href":"https:\/\/webdealta.info\/index.php?rest_route=\/wp\/v2\/types\/post"}],"author":[{"embeddable":true,"href":"https:\/\/webdealta.info\/index.php?rest_route=\/wp\/v2\/users\/2"}],"replies":[{"embeddable":true,"href":"https:\/\/webdealta.info\/index.php?rest_route=%2Fwp%2Fv2%2Fcomments&post=9298"}],"version-history":[{"count":1,"href":"https:\/\/webdealta.info\/index.php?rest_route=\/wp\/v2\/posts\/9298\/revisions"}],"predecessor-version":[{"id":9300,"href":"https:\/\/webdealta.info\/index.php?rest_route=\/wp\/v2\/posts\/9298\/revisions\/9300"}],"wp:featuredmedia":[{"embeddable":true,"href":"https:\/\/webdealta.info\/index.php?rest_route=\/wp\/v2\/media\/9299"}],"wp:attachment":[{"href":"https:\/\/webdealta.info\/index.php?rest_route=%2Fwp%2Fv2%2Fmedia&parent=9298"}],"wp:term":[{"taxonomy":"category","embeddable":true,"href":"https:\/\/webdealta.info\/index.php?rest_route=%2Fwp%2Fv2%2Fcategories&post=9298"},{"taxonomy":"post_tag","embeddable":true,"href":"https:\/\/webdealta.info\/index.php?rest_route=%2Fwp%2Fv2%2Ftags&post=9298"}],"curies":[{"name":"wp","href":"https:\/\/api.w.org\/{rel}","templated":true}]}}