{"id":9282,"date":"2025-04-07T11:40:40","date_gmt":"2025-04-07T15:40:40","guid":{"rendered":"https:\/\/webdealta.info\/?p=9282"},"modified":"2025-04-07T11:41:43","modified_gmt":"2025-04-07T15:41:43","slug":"talento-gracitano-said-nassar-lanza-tema-nazareno-somos","status":"publish","type":"post","link":"https:\/\/webdealta.info\/?p=9282","title":{"rendered":"Talento gracitano: Said Nassar lanza tema Nazareno Somos Todos"},"content":{"rendered":"\n<p>El reconocido cantante venezolano Said Nassar,\u00a0en colaboraci\u00f3n con la cofrad\u00eda del Nazareno de San Pablo ha lanzado su nuevo sencillo titulado Nazareno Somos Todos, una pieza musical que captura el fervor y la devoci\u00f3n que envuelven la experiencia de fe que cada venezolano vive con esta antigua culturaimagen de Jes\u00fas en el marco de la Peregrinaci\u00f3n Jubilar del Nazareno de San Pablo\u00a0en Caracas. Este estreno coincide con el Jubileo de la Iglesia Cat\u00f3lica, un evento global que invita a los fieles a la renovaci\u00f3n espiritual y que este a\u00f1o resuena con especial fuerza en Venezuela.<br><br><strong>Un homenaje musical a una tradici\u00f3n venezolana<\/strong><br><br>\u201cNazareno Somos Todos\u201d no es solo un himno de fe, sino tambi\u00e9n un reflejo de la identidad cultural venezolana. La devoci\u00f3n al Nazareno de San Pablo\u00a0ha trascendido generaciones, convirti\u00e9ndose en una de las manifestaciones religiosas y culturales m\u00e1s importantes del pa\u00eds. Cada Mi\u00e9rcoles Santo, miles de personas recorren las calles de Caracas para rendir homenaje a esta venerada imagen, creando un v\u00ednculo entre lo espiritual y lo cultural que sigue vivo en el coraz\u00f3n de los venezolanos.<br><br><strong>Said Nassar: Un artista comprometido con sus ra\u00edces<\/strong><br><br>Said Nassar\u00a0se ha consolidado como una figura destacada dentro del panorama musical venezolano, fusionando mensajes de esperanza y valores culturales en sus composiciones. Su trabajo ha sido reconocido no solo por su calidad art\u00edstica, sino tambi\u00e9n por su compromiso con la preservaci\u00f3n de las tradiciones que forman parte del tejido social venezolano. Con una s\u00f3lida trayectoria en la m\u00fasica espiritual y contempor\u00e1nea, Nassar contin\u00faa ganando reconocimiento tanto a nivel nacional como internacional.<br><br><strong>\u201cNazareno Somos Todos\u201d: Una invitaci\u00f3n a la unidad y la esperanza<\/strong><br><br>Con esta nueva obra, Said Nassar\u00a0invita a todos los venezolanos y al mundo cat\u00f3lico a unirse en oraci\u00f3n y devoci\u00f3n. Este himno se convierte en un s\u00edmbolo de unidad que resuena en el coraz\u00f3n del pueblo, recordando que la fe es el puente que nos une como hermanos\u00a0en medio de los desaf\u00edos.<br><br>Para m\u00e1s informaci\u00f3n sobre el estreno de \u201cNazareno Somos Todos\u201d y la agenda de Said Nassar, visita sus redes sociales y plataformas digitales.<br>Said Nassar &#8211; <a>@Nassarsaid<\/a>\u00a0en Instagram<br><a href=\"https:\/\/www.instagram.com\/nassarsaid?igsh=Y2VxMmtlbGppem1v&amp;utm_source=qr\" target=\"_blank\" rel=\"noreferrer noopener\">https:\/\/www.instagram.com\/nassarsaid?igsh=Y2VxMmtlbGppem1v&amp;utm_source=qr<\/a><br>Cofrad\u00eda del Nazareno de San Pablo &#8211; <a>@nazarenodesanpabloficial<\/a>\u00a0<br><a href=\"https:\/\/www.instagram.com\/nazarenodesanpabloficial?igsh=M2pwZnh0aXF6YnF1\" target=\"_blank\" rel=\"noreferrer noopener\">https:\/\/www.instagram.com\/nazarenodesanpabloficial?igsh=M2pwZnh0aXF6YnF1<\/a><\/p>\n\n\n\n<p>Prensa Said Nassar<br><\/p>\n\n\n\n<p><\/p>\n","protected":false},"excerpt":{"rendered":"<p>El reconocido cantante venezolano Said Nassar,\u00a0en colaboraci\u00f3n con la cofrad\u00eda del Nazareno de San Pablo ha lanzado su nuevo sencillo titulado Nazareno Somos Todos, una pieza musical que captura el fervor y la devoci\u00f3n que envuelven la experiencia de fe que cada venezolano vive con esta antigua culturaimagen de Jes\u00fas<\/p>\n","protected":false},"author":2,"featured_media":9283,"comment_status":"open","ping_status":"open","sticky":false,"template":"","format":"standard","meta":{"advanced_seo_description":"","jetpack_seo_html_title":"","jetpack_seo_noindex":false,"_jetpack_memberships_contains_paid_content":false,"footnotes":"","jetpack_publicize_message":"","jetpack_publicize_feature_enabled":true,"jetpack_social_post_already_shared":true,"jetpack_social_options":{"image_generator_settings":{"template":"highway","enabled":false},"version":2}},"categories":[42,251],"tags":[8,7,32],"class_list":["post-9282","post","type-post","status-publish","format-standard","has-post-thumbnail","hentry","category-iglesia-catolica","category-webdealta","tag-altagraciadeorituco","tag-guarico","tag-webdealta",""],"jetpack_publicize_connections":[],"jetpack_featured_media_url":"https:\/\/webdealta.info\/wp-content\/uploads\/2025\/04\/said-tema-webdealta.png","jetpack_sharing_enabled":true,"jetpack_likes_enabled":true,"jetpack-related-posts":[],"jetpack_shortlink":"https:\/\/wp.me\/pcseDn-2pI","_links":{"self":[{"href":"https:\/\/webdealta.info\/index.php?rest_route=\/wp\/v2\/posts\/9282","targetHints":{"allow":["GET"]}}],"collection":[{"href":"https:\/\/webdealta.info\/index.php?rest_route=\/wp\/v2\/posts"}],"about":[{"href":"https:\/\/webdealta.info\/index.php?rest_route=\/wp\/v2\/types\/post"}],"author":[{"embeddable":true,"href":"https:\/\/webdealta.info\/index.php?rest_route=\/wp\/v2\/users\/2"}],"replies":[{"embeddable":true,"href":"https:\/\/webdealta.info\/index.php?rest_route=%2Fwp%2Fv2%2Fcomments&post=9282"}],"version-history":[{"count":2,"href":"https:\/\/webdealta.info\/index.php?rest_route=\/wp\/v2\/posts\/9282\/revisions"}],"predecessor-version":[{"id":9285,"href":"https:\/\/webdealta.info\/index.php?rest_route=\/wp\/v2\/posts\/9282\/revisions\/9285"}],"wp:featuredmedia":[{"embeddable":true,"href":"https:\/\/webdealta.info\/index.php?rest_route=\/wp\/v2\/media\/9283"}],"wp:attachment":[{"href":"https:\/\/webdealta.info\/index.php?rest_route=%2Fwp%2Fv2%2Fmedia&parent=9282"}],"wp:term":[{"taxonomy":"category","embeddable":true,"href":"https:\/\/webdealta.info\/index.php?rest_route=%2Fwp%2Fv2%2Fcategories&post=9282"},{"taxonomy":"post_tag","embeddable":true,"href":"https:\/\/webdealta.info\/index.php?rest_route=%2Fwp%2Fv2%2Ftags&post=9282"}],"curies":[{"name":"wp","href":"https:\/\/api.w.org\/{rel}","templated":true}]}}