{"id":9261,"date":"2025-03-24T11:20:22","date_gmt":"2025-03-24T15:20:22","guid":{"rendered":"https:\/\/webdealta.info\/?p=9261"},"modified":"2025-03-24T11:20:25","modified_gmt":"2025-03-24T15:20:25","slug":"seguiran-las-clases-ajuste-de-horarios-y-dias-laborales-no-incluye-al-sector-educativo","status":"publish","type":"post","link":"https:\/\/webdealta.info\/?p=9261","title":{"rendered":"Seguir\u00e1n las clases: ajuste de horarios y d\u00edas laborales no incluye al sector educativo"},"content":{"rendered":"\n<p>Amanda Saldivia.-<\/p>\n\n\n\n<p>La Dra. Susana Sayegh, directora del Centro de Desarrollo para la Calidad Educativa del municipio Jos\u00e9 Tadeo Monagas, Gu\u00e1rico, comparti\u00f3 un comunicado en el cual deja claro que las instituciones educativas no est\u00e1n incluidas en el ajuste de horario y d\u00edas laborables de la administraci\u00f3n p\u00fablica, que fue anunciado el ejecutivo nacional, este domingo 23 de marzo.<\/p>\n\n\n\n<p>En ese sentido, dijo que el \u00e1rea de Recursos Humanos del Ministerio de Educaci\u00f3n, comparti\u00f3 el comunicado en el cual se afirma que \u00abtodos los planteles educativos deber\u00e1n mantener sus actividades ordinarias, seg\u00fan su horario establecido\u00bb.<\/p>\n\n\n\n<p>A continuaci\u00f3n el texto completo del comunicado:<\/p>\n\n\n\n<p>Cumplo con informar a todos y todas, que a prop\u00f3sito del Comunicado Oficial emitido el d\u00eda de hoy, 23 de marzo, relacionado a las acciones aplicadas a la Administraci\u00f3n P\u00fablica Nacional, todos los Planteles Educativos deber\u00e1n mantener sus actividades ordinarias, seg\u00fan su horario establecido.<\/p>\n\n\n\n<p>De igual forma, las Sedes Administrativas y Oficinas del MPPE y sus Entes adscritos, deber\u00e1n ajustar el Horario Laboral de 8:00&nbsp;a 12:30&nbsp;pm, durante las pr\u00f3ximas 6 semanas.<\/p>\n\n\n\n<p>Se exhorta a participar en acciones que coadyuven en la Calidad Educativa a trav\u00e9s de actividades de campo, as\u00ed como en el desarrollo de la Salas de Gobierno Popular. Lo que quiere decir que en nuestras instituciones educativas debemos laborar en nuestros horarios normales los 5 d\u00edas de la semana.<br><br>@amandasaldivia <br><br><\/p>\n","protected":false},"excerpt":{"rendered":"<p>Amanda Saldivia.- La Dra. Susana Sayegh, directora del Centro de Desarrollo para la Calidad Educativa del municipio Jos\u00e9 Tadeo Monagas, Gu\u00e1rico, comparti\u00f3 un comunicado en el cual deja claro que las instituciones educativas no est\u00e1n incluidas en el ajuste de horario y d\u00edas laborables de la administraci\u00f3n p\u00fablica, que fue<\/p>\n","protected":false},"author":2,"featured_media":9101,"comment_status":"open","ping_status":"open","sticky":false,"template":"","format":"standard","meta":{"advanced_seo_description":"","jetpack_seo_html_title":"","jetpack_seo_noindex":false,"_jetpack_memberships_contains_paid_content":false,"footnotes":"","jetpack_publicize_message":"","jetpack_publicize_feature_enabled":true,"jetpack_social_post_already_shared":true,"jetpack_social_options":{"image_generator_settings":{"template":"highway","enabled":false},"version":2}},"categories":[151,251],"tags":[8,7,32],"class_list":["post-9261","post","type-post","status-publish","format-standard","has-post-thumbnail","hentry","category-educacion","category-webdealta","tag-altagraciadeorituco","tag-guarico","tag-webdealta",""],"jetpack_publicize_connections":[],"jetpack_featured_media_url":"https:\/\/webdealta.info\/wp-content\/uploads\/2025\/01\/CLASES-2025-WEBDEALTA.png","jetpack_sharing_enabled":true,"jetpack_likes_enabled":true,"jetpack-related-posts":[],"jetpack_shortlink":"https:\/\/wp.me\/pcseDn-2pn","_links":{"self":[{"href":"https:\/\/webdealta.info\/index.php?rest_route=\/wp\/v2\/posts\/9261","targetHints":{"allow":["GET"]}}],"collection":[{"href":"https:\/\/webdealta.info\/index.php?rest_route=\/wp\/v2\/posts"}],"about":[{"href":"https:\/\/webdealta.info\/index.php?rest_route=\/wp\/v2\/types\/post"}],"author":[{"embeddable":true,"href":"https:\/\/webdealta.info\/index.php?rest_route=\/wp\/v2\/users\/2"}],"replies":[{"embeddable":true,"href":"https:\/\/webdealta.info\/index.php?rest_route=%2Fwp%2Fv2%2Fcomments&post=9261"}],"version-history":[{"count":1,"href":"https:\/\/webdealta.info\/index.php?rest_route=\/wp\/v2\/posts\/9261\/revisions"}],"predecessor-version":[{"id":9262,"href":"https:\/\/webdealta.info\/index.php?rest_route=\/wp\/v2\/posts\/9261\/revisions\/9262"}],"wp:featuredmedia":[{"embeddable":true,"href":"https:\/\/webdealta.info\/index.php?rest_route=\/wp\/v2\/media\/9101"}],"wp:attachment":[{"href":"https:\/\/webdealta.info\/index.php?rest_route=%2Fwp%2Fv2%2Fmedia&parent=9261"}],"wp:term":[{"taxonomy":"category","embeddable":true,"href":"https:\/\/webdealta.info\/index.php?rest_route=%2Fwp%2Fv2%2Fcategories&post=9261"},{"taxonomy":"post_tag","embeddable":true,"href":"https:\/\/webdealta.info\/index.php?rest_route=%2Fwp%2Fv2%2Ftags&post=9261"}],"curies":[{"name":"wp","href":"https:\/\/api.w.org\/{rel}","templated":true}]}}