{"id":9242,"date":"2025-03-16T22:12:19","date_gmt":"2025-03-17T02:12:19","guid":{"rendered":"https:\/\/webdealta.info\/?p=9242"},"modified":"2025-03-17T12:30:44","modified_gmt":"2025-03-17T16:30:44","slug":"inparques-lidero-actividad-del-dia-internacional-en-accion-de-los-rios","status":"publish","type":"post","link":"https:\/\/webdealta.info\/?p=9242","title":{"rendered":"Inparques lider\u00f3 actividad del D\u00eda Internacional en Acci\u00f3n de los R\u00edos"},"content":{"rendered":"\n<p>Amanda Saldivia.-<\/p>\n\n\n\n<p>Con una caminata ecol\u00f3gica y labores de saneamiento ambiental, en el sector San Miguel de Altagracia de Orituco, fue conmemorado el D\u00eda Internacional en Acci\u00f3n de los R\u00edos, actividad liderada por personal de Inparques, el pasado viernes 14 de marzo.<br><br>A orillas del r\u00edo Orituco se reuni\u00f3 el personal de guardaparques del monumento natural Morros de Macaira y del parque nacional Guatopo, personal de Educaci\u00f3n Ambiental y t\u00e9cnicos especialistas de esa instituci\u00f3n, as\u00ed como tambi\u00e9n estudiantes de inicial, b\u00e1sica, docentes, obreros, comunidad y funcionarios bomberiles.<\/p>\n\n\n\n<p>La finalidad de esta fecha \u201ces concientizar sobre la importancia de proteger a los r\u00edos, por ser estos fuente de agua limpia, un valioso recurso para la vida\u201d, dijo Carlos Marcano, coordinador del parque nacional Guatopo, quien dio los lineamientos para la actividad a Jackelin Ramos, guardaparques responsable de Educaci\u00f3n Ambiental y otros trabajadores, entre ellos t\u00e9cnicos de Inparques dedicados a formaci\u00f3n y mejoramiento profesional, Vivero, Guarder\u00eda Ambiental de Morros de Macaira y de Guatopo, adem\u00e1s de Edgar Garc\u00eda Rocha, responsable de redes sociales.<\/p>\n\n\n\n<p>En total fueron m\u00e1s de 60 personas las que se unieron para llevar adelante la caminata ecol\u00f3gica y el saneamiento ambiental, a orillas del r\u00edo Orituco, a la altura del sector San Miguel.<br><br>@amandasaldivia<br>Fotograf\u00edas cortes\u00eda de Edgar Garc\u00eda Rocha<br> <\/p>\n","protected":false},"excerpt":{"rendered":"<p>Amanda Saldivia.- Con una caminata ecol\u00f3gica y labores de saneamiento ambiental, en el sector San Miguel de Altagracia de Orituco, fue conmemorado el D\u00eda Internacional en Acci\u00f3n de los R\u00edos, actividad liderada por personal de Inparques, el pasado viernes 14 de marzo. A orillas del r\u00edo Orituco se reuni\u00f3 el<\/p>\n","protected":false},"author":2,"featured_media":9243,"comment_status":"open","ping_status":"open","sticky":false,"template":"","format":"standard","meta":{"advanced_seo_description":"","jetpack_seo_html_title":"","jetpack_seo_noindex":false,"_jetpack_memberships_contains_paid_content":false,"footnotes":"","jetpack_publicize_message":"","jetpack_publicize_feature_enabled":true,"jetpack_social_post_already_shared":true,"jetpack_social_options":{"image_generator_settings":{"template":"highway","enabled":false},"version":2}},"categories":[335,251],"tags":[8,7,32],"class_list":["post-9242","post","type-post","status-publish","format-standard","has-post-thumbnail","hentry","category-locales","category-webdealta","tag-altagraciadeorituco","tag-guarico","tag-webdealta",""],"jetpack_publicize_connections":[],"jetpack_featured_media_url":"https:\/\/webdealta.info\/wp-content\/uploads\/2025\/03\/inparqies-2025-webdealta.png","jetpack_sharing_enabled":true,"jetpack_likes_enabled":true,"jetpack-related-posts":[],"jetpack_shortlink":"https:\/\/wp.me\/pcseDn-2p4","_links":{"self":[{"href":"https:\/\/webdealta.info\/index.php?rest_route=\/wp\/v2\/posts\/9242","targetHints":{"allow":["GET"]}}],"collection":[{"href":"https:\/\/webdealta.info\/index.php?rest_route=\/wp\/v2\/posts"}],"about":[{"href":"https:\/\/webdealta.info\/index.php?rest_route=\/wp\/v2\/types\/post"}],"author":[{"embeddable":true,"href":"https:\/\/webdealta.info\/index.php?rest_route=\/wp\/v2\/users\/2"}],"replies":[{"embeddable":true,"href":"https:\/\/webdealta.info\/index.php?rest_route=%2Fwp%2Fv2%2Fcomments&post=9242"}],"version-history":[{"count":2,"href":"https:\/\/webdealta.info\/index.php?rest_route=\/wp\/v2\/posts\/9242\/revisions"}],"predecessor-version":[{"id":9247,"href":"https:\/\/webdealta.info\/index.php?rest_route=\/wp\/v2\/posts\/9242\/revisions\/9247"}],"wp:featuredmedia":[{"embeddable":true,"href":"https:\/\/webdealta.info\/index.php?rest_route=\/wp\/v2\/media\/9243"}],"wp:attachment":[{"href":"https:\/\/webdealta.info\/index.php?rest_route=%2Fwp%2Fv2%2Fmedia&parent=9242"}],"wp:term":[{"taxonomy":"category","embeddable":true,"href":"https:\/\/webdealta.info\/index.php?rest_route=%2Fwp%2Fv2%2Fcategories&post=9242"},{"taxonomy":"post_tag","embeddable":true,"href":"https:\/\/webdealta.info\/index.php?rest_route=%2Fwp%2Fv2%2Ftags&post=9242"}],"curies":[{"name":"wp","href":"https:\/\/api.w.org\/{rel}","templated":true}]}}