{"id":9238,"date":"2025-03-16T22:01:52","date_gmt":"2025-03-17T02:01:52","guid":{"rendered":"https:\/\/webdealta.info\/?p=9238"},"modified":"2025-03-16T22:01:55","modified_gmt":"2025-03-17T02:01:55","slug":"bomberos-sofocaron-incendio-en-galpon-de-cervezas-polar","status":"publish","type":"post","link":"https:\/\/webdealta.info\/?p=9238","title":{"rendered":"Bomberos sofocaron incendio en galp\u00f3n de cervezas Polar"},"content":{"rendered":"\n<p>Amanda Saldivia.-<\/p>\n\n\n\n<p>Un aproximado de mil casilleros con botellas de cervezas vac\u00edas se da\u00f1aron, como consecuencia del incendio que se propag\u00f3 hacia el dep\u00f3sito de empresas Polar de Altagracia de Orituco, Gu\u00e1rico, donde tambi\u00e9n hubo afectaciones a la estructura del galp\u00f3n de almacenamiento.<\/p>\n\n\n\n<p>El general Denis Dur\u00e1n, comandante de cuerpo de bomberos Mayor Andr\u00e9 Fourneau, se\u00f1al\u00f3 que el incendio comenz\u00f3 a las 3:30\u00a0pm de este s\u00e1bado 15 de marzo y, tras cuatro horas de trabajo, los efectivos lograron extinguirlo, lo que permiti\u00f3 que el fuego no afectara el resto de las instalaciones.<\/p>\n\n\n\n<p>Sobre el origen, indic\u00f3 que hubo un incendio de vegetaci\u00f3n en el \u00e1rea externa de las instalaciones de la mencionada empresa, el cual se extendi\u00f3 al galp\u00f3n, lo que trajo como consecuencia el da\u00f1o a \u201cm\u00e1s de 500 casilleros de cervezas en p\u00e9rdida total y otros 500 perdidos por radiaci\u00f3n\u201d.<\/p>\n\n\n\n<p>\u201cSe realiz\u00f3 un ataque defensivo para que no se propagara, se salvaron m\u00e1s de 3 mil casilleros\u2026se cont\u00f3 con el apoyo de varios cisterneros y de la unidad de supresi\u00f3n de incendios de la compa\u00f1\u00eda Ypergas\u201d, declar\u00f3 el general Dur\u00e1n a este medio de comunicaci\u00f3n digital.<\/p>\n\n\n\n<p>En cuanto al n\u00famero de efectivos bomberiles, precis\u00f3 que fueron 18 los encargados de sofocar las llamas; adem\u00e1s del apoyo de funcionarios de la Polic\u00eda Nacional Bolivariana y del comando de la Guardia Rural.<\/p>\n\n\n\n<p>Como reflexi\u00f3n mencion\u00f3 la necesidad de \u201cevitar la quema de desechos s\u00f3lidos y de vegetaci\u00f3n, si lo van hacer tienen que controlarla, pero no de esa magnitud, porque la descuidan y se pierde el control de la misma, sobre todo en estos momentos de verano que la temperatura en los \u00faltimos d\u00edas han alcanzado un alto nivel\u201d.<br><br>@amandasaldivia<br><br><\/p>\n","protected":false},"excerpt":{"rendered":"<p>Amanda Saldivia.- Un aproximado de mil casilleros con botellas de cervezas vac\u00edas se da\u00f1aron, como consecuencia del incendio que se propag\u00f3 hacia el dep\u00f3sito de empresas Polar de Altagracia de Orituco, Gu\u00e1rico, donde tambi\u00e9n hubo afectaciones a la estructura del galp\u00f3n de almacenamiento. El general Denis Dur\u00e1n, comandante de cuerpo<\/p>\n","protected":false},"author":2,"featured_media":9239,"comment_status":"open","ping_status":"open","sticky":false,"template":"","format":"standard","meta":{"advanced_seo_description":"","jetpack_seo_html_title":"","jetpack_seo_noindex":false,"_jetpack_memberships_contains_paid_content":false,"footnotes":"","jetpack_publicize_message":"","jetpack_publicize_feature_enabled":true,"jetpack_social_post_already_shared":true,"jetpack_social_options":{"image_generator_settings":{"template":"highway","enabled":false},"version":2}},"categories":[335,251],"tags":[8,7,32],"class_list":["post-9238","post","type-post","status-publish","format-standard","has-post-thumbnail","hentry","category-locales","category-webdealta","tag-altagraciadeorituco","tag-guarico","tag-webdealta",""],"jetpack_publicize_connections":[],"jetpack_featured_media_url":"https:\/\/webdealta.info\/wp-content\/uploads\/2025\/03\/incendio-polar-webdealta.png","jetpack_sharing_enabled":true,"jetpack_likes_enabled":true,"jetpack-related-posts":[],"jetpack_shortlink":"https:\/\/wp.me\/pcseDn-2p0","_links":{"self":[{"href":"https:\/\/webdealta.info\/index.php?rest_route=\/wp\/v2\/posts\/9238","targetHints":{"allow":["GET"]}}],"collection":[{"href":"https:\/\/webdealta.info\/index.php?rest_route=\/wp\/v2\/posts"}],"about":[{"href":"https:\/\/webdealta.info\/index.php?rest_route=\/wp\/v2\/types\/post"}],"author":[{"embeddable":true,"href":"https:\/\/webdealta.info\/index.php?rest_route=\/wp\/v2\/users\/2"}],"replies":[{"embeddable":true,"href":"https:\/\/webdealta.info\/index.php?rest_route=%2Fwp%2Fv2%2Fcomments&post=9238"}],"version-history":[{"count":1,"href":"https:\/\/webdealta.info\/index.php?rest_route=\/wp\/v2\/posts\/9238\/revisions"}],"predecessor-version":[{"id":9240,"href":"https:\/\/webdealta.info\/index.php?rest_route=\/wp\/v2\/posts\/9238\/revisions\/9240"}],"wp:featuredmedia":[{"embeddable":true,"href":"https:\/\/webdealta.info\/index.php?rest_route=\/wp\/v2\/media\/9239"}],"wp:attachment":[{"href":"https:\/\/webdealta.info\/index.php?rest_route=%2Fwp%2Fv2%2Fmedia&parent=9238"}],"wp:term":[{"taxonomy":"category","embeddable":true,"href":"https:\/\/webdealta.info\/index.php?rest_route=%2Fwp%2Fv2%2Fcategories&post=9238"},{"taxonomy":"post_tag","embeddable":true,"href":"https:\/\/webdealta.info\/index.php?rest_route=%2Fwp%2Fv2%2Ftags&post=9238"}],"curies":[{"name":"wp","href":"https:\/\/api.w.org\/{rel}","templated":true}]}}