{"id":9234,"date":"2025-03-09T18:06:28","date_gmt":"2025-03-09T22:06:28","guid":{"rendered":"https:\/\/webdealta.info\/?p=9234"},"modified":"2025-03-09T18:06:30","modified_gmt":"2025-03-09T22:06:30","slug":"alcaldia-lidero-conmemoracion-del-dia-internacional-de-la-mujer","status":"publish","type":"post","link":"https:\/\/webdealta.info\/?p=9234","title":{"rendered":"Alcald\u00eda lider\u00f3 conmemoraci\u00f3n del D\u00eda Internacional de la Mujer"},"content":{"rendered":"\n<p>Prensa alcald\u00eda.-<\/p>\n\n\n\n<p>Este 8 de marzo, en el marco de la celebraci\u00f3n del D\u00eda Internacional de la Mujer, la parroquia Altagracia de Orituco fue escenario de la caminata que reuni\u00f3 a mujeres trabajadoras de diversas instituciones, poder popular y misiones. La actividad, organizada con el apoyo del municipio Jos\u00e9 Tadeo Monagas, cont\u00f3 con la participaci\u00f3n de la primera combatiente, Dra. Elsy Rodr\u00edguez, quien acompa\u00f1\u00f3 a las mujeres en esta jornada de reivindicaci\u00f3n y reconocimiento.<\/p>\n\n\n\n<p>El punto de partida fue en el distribuidor Capit\u00e1n Manuel R\u00edos, desde donde las mujeres, portando consignas de igualdad y empoderamiento, iniciaron un recorrido que culmin\u00f3 en la emblem\u00e1tica Plaza Bol\u00edvar. Entre las instituciones participantes destacaron la Coordinaci\u00f3n municipal de la Gran Misi\u00f3n Venezuela Mujer, Imubgua, Ipasme, Inces, Cnae, PNB, Cicpc, Bomberos, Protecci\u00f3n Civil, Hospital Jos\u00e9 Francisco Torrealba, Asic Parto Humanizado, Misi\u00f3n Robinson, Misi\u00f3n Ribas, Psuv, sector educativo, Instituto Municipal de Deporte, entre otras, demostrando el papel fundamental que desempe\u00f1a la mujer en el desarrollo y bienestar de la comunidad.<\/p>\n\n\n\n<p>Al llegar a la Plaza Bol\u00edvar, las participantes disfrutaron de una sesi\u00f3n de bailoterapia, un espacio de esparcimiento y celebraci\u00f3n que reflej\u00f3 la alegr\u00eda y la uni\u00f3n de las mujeres del Orituco.<\/p>\n\n\n\n<p>La Dra. Elsy Rodr\u00edguez, en representaci\u00f3n del alcalde feminista del Orituco, Pedro Sol\u00f3rzano, dirigi\u00f3 unas emotivas palabras a las presentes: \u201cAqu\u00ed estamos conmemorando una fecha hist\u00f3rica para las mujeres del mundo. Representamos un g\u00e9nero que lucha, trabaja y pare patria. En nombre del alcalde Pedro Sol\u00f3rzano, felicitamos a todas las mujeres del municipio Jos\u00e9 Tadeo Monagas por su incansable labor y dedicaci\u00f3n\u201d.<br><br>El llamado es a seguir trabajando por la igualdad de g\u00e9nero y el reconocimiento de los derechos de las mujeres en todos los \u00e1mbitos de la sociedad. Felicitaciones a las mujeres que con su compromiso contin\u00faan en lucha por un futuro m\u00e1s justo e inclusivo.<\/p>\n\n\n\n<p>fotos cortes\u00eda prensa alcald\u00eda<br><br><\/p>\n","protected":false},"excerpt":{"rendered":"<p>Prensa alcald\u00eda.- Este 8 de marzo, en el marco de la celebraci\u00f3n del D\u00eda Internacional de la Mujer, la parroquia Altagracia de Orituco fue escenario de la caminata que reuni\u00f3 a mujeres trabajadoras de diversas instituciones, poder popular y misiones. La actividad, organizada con el apoyo del municipio Jos\u00e9 Tadeo<\/p>\n","protected":false},"author":2,"featured_media":9235,"comment_status":"open","ping_status":"open","sticky":false,"template":"","format":"standard","meta":{"advanced_seo_description":"","jetpack_seo_html_title":"","jetpack_seo_noindex":false,"_jetpack_memberships_contains_paid_content":false,"footnotes":"","jetpack_publicize_message":"","jetpack_publicize_feature_enabled":true,"jetpack_social_post_already_shared":true,"jetpack_social_options":{"image_generator_settings":{"template":"highway","enabled":false},"version":2}},"categories":[335,251],"tags":[],"class_list":["post-9234","post","type-post","status-publish","format-standard","has-post-thumbnail","hentry","category-locales","category-webdealta",""],"jetpack_publicize_connections":[],"jetpack_featured_media_url":"https:\/\/webdealta.info\/wp-content\/uploads\/2025\/03\/dia-de-la-mujer-webdealta-2025.png","jetpack_sharing_enabled":true,"jetpack_likes_enabled":true,"jetpack-related-posts":[],"jetpack_shortlink":"https:\/\/wp.me\/pcseDn-2oW","_links":{"self":[{"href":"https:\/\/webdealta.info\/index.php?rest_route=\/wp\/v2\/posts\/9234","targetHints":{"allow":["GET"]}}],"collection":[{"href":"https:\/\/webdealta.info\/index.php?rest_route=\/wp\/v2\/posts"}],"about":[{"href":"https:\/\/webdealta.info\/index.php?rest_route=\/wp\/v2\/types\/post"}],"author":[{"embeddable":true,"href":"https:\/\/webdealta.info\/index.php?rest_route=\/wp\/v2\/users\/2"}],"replies":[{"embeddable":true,"href":"https:\/\/webdealta.info\/index.php?rest_route=%2Fwp%2Fv2%2Fcomments&post=9234"}],"version-history":[{"count":1,"href":"https:\/\/webdealta.info\/index.php?rest_route=\/wp\/v2\/posts\/9234\/revisions"}],"predecessor-version":[{"id":9236,"href":"https:\/\/webdealta.info\/index.php?rest_route=\/wp\/v2\/posts\/9234\/revisions\/9236"}],"wp:featuredmedia":[{"embeddable":true,"href":"https:\/\/webdealta.info\/index.php?rest_route=\/wp\/v2\/media\/9235"}],"wp:attachment":[{"href":"https:\/\/webdealta.info\/index.php?rest_route=%2Fwp%2Fv2%2Fmedia&parent=9234"}],"wp:term":[{"taxonomy":"category","embeddable":true,"href":"https:\/\/webdealta.info\/index.php?rest_route=%2Fwp%2Fv2%2Fcategories&post=9234"},{"taxonomy":"post_tag","embeddable":true,"href":"https:\/\/webdealta.info\/index.php?rest_route=%2Fwp%2Fv2%2Ftags&post=9234"}],"curies":[{"name":"wp","href":"https:\/\/api.w.org\/{rel}","templated":true}]}}