{"id":9230,"date":"2025-03-09T17:52:07","date_gmt":"2025-03-09T21:52:07","guid":{"rendered":"https:\/\/webdealta.info\/?p=9230"},"modified":"2025-03-09T17:52:09","modified_gmt":"2025-03-09T21:52:09","slug":"sin-agua-potable-parte-de-las-casitas-de-san-rafael","status":"publish","type":"post","link":"https:\/\/webdealta.info\/?p=9230","title":{"rendered":"Sin agua potable parte de Las Casitas de San Rafael"},"content":{"rendered":"\n<p>Amanda Saldivia.-<\/p>\n\n\n\n<p>Desde hace cinco semanas no llega el agua potable a la calle Los Pericocos del sector Las Casitas de San Rafael de Orituco, lo que torna la situaci\u00f3n \u00abinaguantable\u00bb para la mayor\u00eda de las familias afectadas por la deficiencia de este servicio p\u00fablico, en el municipio Jos\u00e9 Tadeo Monagas, Gu\u00e1rico.<\/p>\n\n\n\n<p>La denuncia la formul\u00f3 Rafael Antonio Ram\u00edrez P\u00e1ez, quien precis\u00f3 que tienen cinco semanas a la espera de un suministro que no llega, ni siquiera al 50 por ciento de las casas de esa zona.<\/p>\n\n\n\n<p>\u00abYa llevamos un mes y 8 d\u00edas o 5 semanas que no nos llega el vital l\u00edquido a la calle Los Pericocos, esta situaci\u00f3n es inaguantable para muchos de nosotros\u00bb, expres\u00f3 Ram\u00edrez P\u00e1ez.<\/p>\n\n\n\n<p>Hizo \u00e9nfasis, en que la denuncia es para que la gerencia de Hidrop\u00e1ez busque una soluci\u00f3n a este problema, el cual se acent\u00faa cada vez que llega la temporada de sequ\u00eda.<\/p>\n\n\n\n<p><a>@amandasaldivia<\/a><br><br><\/p>\n","protected":false},"excerpt":{"rendered":"<p>Amanda Saldivia.- Desde hace cinco semanas no llega el agua potable a la calle Los Pericocos del sector Las Casitas de San Rafael de Orituco, lo que torna la situaci\u00f3n \u00abinaguantable\u00bb para la mayor\u00eda de las familias afectadas por la deficiencia de este servicio p\u00fablico, en el municipio Jos\u00e9 Tadeo<\/p>\n","protected":false},"author":2,"featured_media":9231,"comment_status":"open","ping_status":"open","sticky":false,"template":"","format":"standard","meta":{"advanced_seo_description":"","jetpack_seo_html_title":"","jetpack_seo_noindex":false,"_jetpack_memberships_contains_paid_content":false,"footnotes":"","jetpack_publicize_message":"","jetpack_publicize_feature_enabled":true,"jetpack_social_post_already_shared":true,"jetpack_social_options":{"image_generator_settings":{"template":"highway","enabled":false},"version":2}},"categories":[268,251],"tags":[8,7,32],"class_list":["post-9230","post","type-post","status-publish","format-standard","has-post-thumbnail","hentry","category-servicios-publicos","category-webdealta","tag-altagraciadeorituco","tag-guarico","tag-webdealta",""],"jetpack_publicize_connections":[],"jetpack_featured_media_url":"https:\/\/webdealta.info\/wp-content\/uploads\/2025\/03\/calle-Los-pericocos-de-San-Rafael.png","jetpack_sharing_enabled":true,"jetpack_likes_enabled":true,"jetpack-related-posts":[],"jetpack_shortlink":"https:\/\/wp.me\/pcseDn-2oS","_links":{"self":[{"href":"https:\/\/webdealta.info\/index.php?rest_route=\/wp\/v2\/posts\/9230","targetHints":{"allow":["GET"]}}],"collection":[{"href":"https:\/\/webdealta.info\/index.php?rest_route=\/wp\/v2\/posts"}],"about":[{"href":"https:\/\/webdealta.info\/index.php?rest_route=\/wp\/v2\/types\/post"}],"author":[{"embeddable":true,"href":"https:\/\/webdealta.info\/index.php?rest_route=\/wp\/v2\/users\/2"}],"replies":[{"embeddable":true,"href":"https:\/\/webdealta.info\/index.php?rest_route=%2Fwp%2Fv2%2Fcomments&post=9230"}],"version-history":[{"count":1,"href":"https:\/\/webdealta.info\/index.php?rest_route=\/wp\/v2\/posts\/9230\/revisions"}],"predecessor-version":[{"id":9232,"href":"https:\/\/webdealta.info\/index.php?rest_route=\/wp\/v2\/posts\/9230\/revisions\/9232"}],"wp:featuredmedia":[{"embeddable":true,"href":"https:\/\/webdealta.info\/index.php?rest_route=\/wp\/v2\/media\/9231"}],"wp:attachment":[{"href":"https:\/\/webdealta.info\/index.php?rest_route=%2Fwp%2Fv2%2Fmedia&parent=9230"}],"wp:term":[{"taxonomy":"category","embeddable":true,"href":"https:\/\/webdealta.info\/index.php?rest_route=%2Fwp%2Fv2%2Fcategories&post=9230"},{"taxonomy":"post_tag","embeddable":true,"href":"https:\/\/webdealta.info\/index.php?rest_route=%2Fwp%2Fv2%2Ftags&post=9230"}],"curies":[{"name":"wp","href":"https:\/\/api.w.org\/{rel}","templated":true}]}}