{"id":9225,"date":"2025-03-09T17:27:44","date_gmt":"2025-03-09T21:27:44","guid":{"rendered":"https:\/\/webdealta.info\/?p=9225"},"modified":"2025-03-09T17:27:46","modified_gmt":"2025-03-09T21:27:46","slug":"dia-de-la-mujer-bajo-la-vision-de-la-docente-y-enfermera-milagros-avilez","status":"publish","type":"post","link":"https:\/\/webdealta.info\/?p=9225","title":{"rendered":"D\u00eda de la Mujer bajo la visi\u00f3n de la docente y enfermera Milagros Avilez"},"content":{"rendered":"\n<p>Amanda Saldivia.-<\/p>\n\n\n\n<p>Con la entrevista a Nelly Milagros Avilez Utrera este medio digital resalt\u00f3 la determinaci\u00f3n de tantas mujeres de esta tierra del Orituco, quienes con sensibilidad social contribuyen al empoderamiento femenino, en este caso en el \u00e1rea de la salud.<br><br>Esta gracitana, quien creci\u00f3 en el populoso sector Tricentenario, es docente, enfermera, ha ocupado cargos en la administraci\u00f3n p\u00fablica, entre ellos directora de Desarrollo Social de la alcald\u00eda del municipio Jos\u00e9 Tadeo Monagas y actualmente es coordinadora del \u00e1rea Materno Infantil de la ASIC. Dr. Ricardo Isidro Bernal Ramos.<br><br>La entrevista est\u00e1 disponible en el canal de Youtube<\/p>\n\n\n\n<figure class=\"wp-block-embed is-type-video is-provider-youtube wp-block-embed-youtube wp-embed-aspect-16-9 wp-has-aspect-ratio\"><div class=\"wp-block-embed__wrapper\">\n<iframe loading=\"lazy\" title=\"Entrevista a Nelly Milagros Avilez, a prop\u00f3sito del D\u00eda Internacional de la Mujer.\" width=\"640\" height=\"360\" src=\"https:\/\/www.youtube.com\/embed\/j08Qc8RB4Rw?feature=oembed\" frameborder=\"0\" allow=\"accelerometer; autoplay; clipboard-write; encrypted-media; gyroscope; picture-in-picture; web-share\" referrerpolicy=\"strict-origin-when-cross-origin\" allowfullscreen><\/iframe>\n<\/div><\/figure>\n","protected":false},"excerpt":{"rendered":"<p>Amanda Saldivia.- Con la entrevista a Nelly Milagros Avilez Utrera este medio digital resalt\u00f3 la determinaci\u00f3n de tantas mujeres de esta tierra del Orituco, quienes con sensibilidad social contribuyen al empoderamiento femenino, en este caso en el \u00e1rea de la salud. Esta gracitana, quien creci\u00f3 en el populoso sector Tricentenario,<\/p>\n","protected":false},"author":2,"featured_media":9227,"comment_status":"open","ping_status":"open","sticky":false,"template":"","format":"standard","meta":{"advanced_seo_description":"","jetpack_seo_html_title":"","jetpack_seo_noindex":false,"_jetpack_memberships_contains_paid_content":false,"footnotes":"","jetpack_publicize_message":"","jetpack_publicize_feature_enabled":true,"jetpack_social_post_already_shared":true,"jetpack_social_options":{"image_generator_settings":{"template":"highway","enabled":false},"version":2}},"categories":[335,251],"tags":[8,7,32],"class_list":["post-9225","post","type-post","status-publish","format-standard","has-post-thumbnail","hentry","category-locales","category-webdealta","tag-altagraciadeorituco","tag-guarico","tag-webdealta",""],"jetpack_publicize_connections":[],"jetpack_featured_media_url":"https:\/\/webdealta.info\/wp-content\/uploads\/2025\/03\/milagros-avilez-youtube-webdealta-1.png","jetpack_sharing_enabled":true,"jetpack_likes_enabled":true,"jetpack-related-posts":[],"jetpack_shortlink":"https:\/\/wp.me\/pcseDn-2oN","_links":{"self":[{"href":"https:\/\/webdealta.info\/index.php?rest_route=\/wp\/v2\/posts\/9225","targetHints":{"allow":["GET"]}}],"collection":[{"href":"https:\/\/webdealta.info\/index.php?rest_route=\/wp\/v2\/posts"}],"about":[{"href":"https:\/\/webdealta.info\/index.php?rest_route=\/wp\/v2\/types\/post"}],"author":[{"embeddable":true,"href":"https:\/\/webdealta.info\/index.php?rest_route=\/wp\/v2\/users\/2"}],"replies":[{"embeddable":true,"href":"https:\/\/webdealta.info\/index.php?rest_route=%2Fwp%2Fv2%2Fcomments&post=9225"}],"version-history":[{"count":1,"href":"https:\/\/webdealta.info\/index.php?rest_route=\/wp\/v2\/posts\/9225\/revisions"}],"predecessor-version":[{"id":9228,"href":"https:\/\/webdealta.info\/index.php?rest_route=\/wp\/v2\/posts\/9225\/revisions\/9228"}],"wp:featuredmedia":[{"embeddable":true,"href":"https:\/\/webdealta.info\/index.php?rest_route=\/wp\/v2\/media\/9227"}],"wp:attachment":[{"href":"https:\/\/webdealta.info\/index.php?rest_route=%2Fwp%2Fv2%2Fmedia&parent=9225"}],"wp:term":[{"taxonomy":"category","embeddable":true,"href":"https:\/\/webdealta.info\/index.php?rest_route=%2Fwp%2Fv2%2Fcategories&post=9225"},{"taxonomy":"post_tag","embeddable":true,"href":"https:\/\/webdealta.info\/index.php?rest_route=%2Fwp%2Fv2%2Ftags&post=9225"}],"curies":[{"name":"wp","href":"https:\/\/api.w.org\/{rel}","templated":true}]}}