{"id":9216,"date":"2025-02-23T20:43:22","date_gmt":"2025-02-24T00:43:22","guid":{"rendered":"https:\/\/webdealta.info\/?p=9216"},"modified":"2025-02-23T20:45:32","modified_gmt":"2025-02-24T00:45:32","slug":"gobierno-regional-ajusta-detalles-para-los-carnavales","status":"publish","type":"post","link":"https:\/\/webdealta.info\/?p=9216","title":{"rendered":"Gobierno regional ajusta detalles para los Carnavales"},"content":{"rendered":"\n<p>Desde el palacio gubernamental del estado Gu\u00e1rico, el gobernador Jos\u00e9 V\u00e1squez, sostuvo un encuentro estrat\u00e9gico con el equipo de Gobierno de la entidad llanera, con el objetivo de consolidar la agenda de trabajo para el disfrute del pueblo guarique\u00f1o en los diferentes lugares tur\u00edsticos con los que cuenta la regi\u00f3n llanera durante los Carnavales Gu\u00e1rico tu Destino 2025 y que en los pr\u00f3ximos d\u00edas dar\u00e1n a conocer.<br><br>A trav\u00e9s de sus redes sociales, el l\u00edder regional coment\u00f3 que, \u201cestos carnavales tendr\u00e1n atenci\u00f3n en los diferentes v\u00e9rtices, como el recreativo y cultural, la garant\u00eda de seguridad y paz, Gu\u00e1rico es hoy uno de los estados m\u00e1s seguros del pa\u00eds y la atenci\u00f3n en materia de salud, ya que tendremos a un equipo multidisciplinario de m\u00e9dicos desplegados en los 15 municipios y en las 39 parroquias para la atenci\u00f3n de propios y visitantes\u201d.<br><br>Asimismo, coment\u00f3 que durante los pr\u00f3ximos d\u00edas ser\u00e1 anunciado el cronograma concreto, en la cual ser\u00e1n presentadas las diversas actividades que se realizar\u00e1n en dichos d\u00edas. De igual manera, est\u00e1 jornada festiva busca garantizar el goce y disfrute a propios y visitantes que han elegido a Gu\u00e1rico como destino tur\u00edstico para explorar las bondades que tiene la regi\u00f3n llanera.<br><br>Con esta iniciativa, el gobernador Jos\u00e9 V\u00e1squez junto al equipo de Gobierno reafirma su compromiso de garantizar una \u00e9poca festiva de calidad para la ciudadan\u00eda, promoviendo el turismo en el estado, transform\u00e1ndolo en un escenario de alegr\u00eda y celebraci\u00f3n para toda la poblaci\u00f3n.<br><br>Finalmente, a trav\u00e9s de este encuentro el Gobierno regional busca consolidar una imagen positiva y coherente de la gesti\u00f3n gubernamental, resaltando los valores y principios que gu\u00edan la acci\u00f3n del gobierno y trabajar en la elaboraci\u00f3n de materiales informativos atractivos y oportunos que permitan conectar con las diferentes audiencias.<\/p>\n\n\n\n<p><strong>Sibci Gu\u00e1rico<\/strong><br><br><\/p>\n","protected":false},"excerpt":{"rendered":"<p>Desde el palacio gubernamental del estado Gu\u00e1rico, el gobernador Jos\u00e9 V\u00e1squez, sostuvo un encuentro estrat\u00e9gico con el equipo de Gobierno de la entidad llanera, con el objetivo de consolidar la agenda de trabajo para el disfrute del pueblo guarique\u00f1o en los diferentes lugares tur\u00edsticos con los que cuenta la regi\u00f3n<\/p>\n","protected":false},"author":2,"featured_media":9217,"comment_status":"open","ping_status":"open","sticky":false,"template":"","format":"standard","meta":{"advanced_seo_description":"","jetpack_seo_html_title":"","jetpack_seo_noindex":false,"_jetpack_memberships_contains_paid_content":false,"footnotes":"","jetpack_publicize_message":"","jetpack_publicize_feature_enabled":true,"jetpack_social_post_already_shared":true,"jetpack_social_options":{"image_generator_settings":{"template":"highway","enabled":false},"version":2}},"categories":[284,251],"tags":[8,7,32],"class_list":["post-9216","post","type-post","status-publish","format-standard","has-post-thumbnail","hentry","category-gobierno-de-guarico","category-webdealta","tag-altagraciadeorituco","tag-guarico","tag-webdealta",""],"jetpack_publicize_connections":[],"jetpack_featured_media_url":"https:\/\/webdealta.info\/wp-content\/uploads\/2025\/02\/carnavales-gobernador-2025-webdealta.png","jetpack_sharing_enabled":true,"jetpack_likes_enabled":true,"jetpack-related-posts":[],"jetpack_shortlink":"https:\/\/wp.me\/pcseDn-2oE","_links":{"self":[{"href":"https:\/\/webdealta.info\/index.php?rest_route=\/wp\/v2\/posts\/9216","targetHints":{"allow":["GET"]}}],"collection":[{"href":"https:\/\/webdealta.info\/index.php?rest_route=\/wp\/v2\/posts"}],"about":[{"href":"https:\/\/webdealta.info\/index.php?rest_route=\/wp\/v2\/types\/post"}],"author":[{"embeddable":true,"href":"https:\/\/webdealta.info\/index.php?rest_route=\/wp\/v2\/users\/2"}],"replies":[{"embeddable":true,"href":"https:\/\/webdealta.info\/index.php?rest_route=%2Fwp%2Fv2%2Fcomments&post=9216"}],"version-history":[{"count":2,"href":"https:\/\/webdealta.info\/index.php?rest_route=\/wp\/v2\/posts\/9216\/revisions"}],"predecessor-version":[{"id":9220,"href":"https:\/\/webdealta.info\/index.php?rest_route=\/wp\/v2\/posts\/9216\/revisions\/9220"}],"wp:featuredmedia":[{"embeddable":true,"href":"https:\/\/webdealta.info\/index.php?rest_route=\/wp\/v2\/media\/9217"}],"wp:attachment":[{"href":"https:\/\/webdealta.info\/index.php?rest_route=%2Fwp%2Fv2%2Fmedia&parent=9216"}],"wp:term":[{"taxonomy":"category","embeddable":true,"href":"https:\/\/webdealta.info\/index.php?rest_route=%2Fwp%2Fv2%2Fcategories&post=9216"},{"taxonomy":"post_tag","embeddable":true,"href":"https:\/\/webdealta.info\/index.php?rest_route=%2Fwp%2Fv2%2Ftags&post=9216"}],"curies":[{"name":"wp","href":"https:\/\/api.w.org\/{rel}","templated":true}]}}