{"id":9207,"date":"2025-02-20T16:56:39","date_gmt":"2025-02-20T20:56:39","guid":{"rendered":"https:\/\/webdealta.info\/?p=9207"},"modified":"2025-02-20T16:56:40","modified_gmt":"2025-02-20T20:56:40","slug":"liceo-juan-crisostomo-falcon-invita-a-la-eleccion-de-la-reina-de-carnaval","status":"publish","type":"post","link":"https:\/\/webdealta.info\/?p=9207","title":{"rendered":"Liceo Juan Cris\u00f3stomo Falc\u00f3n invita a la elecci\u00f3n de la Reina de Carnaval"},"content":{"rendered":"\n<p>Amanda Saldivia.-<\/p>\n\n\n\n<p>El liceo Juan Cris\u00f3stomo Falc\u00f3n, antigua E.B. Altagracia, elegir\u00e1 entre nueve lindas candidatas, quien ser\u00e1 la Reina de Carnaval 2025, en un evento que se llevar\u00e1 a cabo en las instalaciones del Caney del Coleador, el pr\u00f3ximo mi\u00e9rcoles 26 de febrero, a partir de las 2:00 pm.<\/p>\n\n\n\n<p>La actividad est\u00e1 enmarcada en el calendario festivo, con la finalidad de impulsar el turismo en la regi\u00f3n del Orituco, donde el carnaval supera los 40 a\u00f1os de tradici\u00f3n, y m\u00e1s de una d\u00e9cada con la incorporaci\u00f3n de las escuelas y liceos del municipio Jos\u00e9 Tadeo Monagas, Gu\u00e1rico.<\/p>\n\n\n\n<p>En este sentido, la profesora Alminda Narajo, directora del liceo Juan Cris\u00f3stomo Falc\u00f3n, acompa\u00f1ada por el Prof. Jos\u00e9 Sierra, coordinador de Cultura y el Licdo. Jos\u00e9 Alfredo Hern\u00e1ndez, asesor y coordinador del espect\u00e1culo, invit\u00f3 a la poblaci\u00f3n a unirse a la elecci\u00f3n de la reina de ese plantel.<\/p>\n\n\n\n<p>Las candidatas son Julieta D\u00edaz (1ero. C); Daviana Seco, (1ero. E); Marielbis Bandres, (2do. F); Alexandra Navarro, (2do D); Michelly Naranjo, (3ro. A); Andry Valiente (4to. A); Mariana Tiapa, (5to. A); Crisbelis P\u00e9rez, (5to. E) y Yosimar Seco (5to. F).<\/p>\n\n\n\n<p>Entre los invitados especiales al evento figura la cantante Javielys Estanga, Cristal y Alexandra Escalante, adem\u00e1s del arpista Pil\u00f3n Requena.<\/p>\n\n\n\n<p>El organizador del espect\u00e1culo, Jos\u00e9 Alfredo Hern\u00e1ndez, agradeci\u00f3 el apoyo del \u00abpersonal obreros, cocineras, personal administrativo, coordinadores, directora y todo el equipo que hace vida dentro de la instituci\u00f3n\u00bb, porque han colaborado en todo lo necesario para el \u00e9xito de la elecci\u00f3n de la Reina del liceo Juan Cris\u00f3stomo Falc\u00f3n.<\/p>\n\n\n\n<p><a>@amandasaldivia<\/a><br><br><\/p>\n","protected":false},"excerpt":{"rendered":"<p>Amanda Saldivia.- El liceo Juan Cris\u00f3stomo Falc\u00f3n, antigua E.B. Altagracia, elegir\u00e1 entre nueve lindas candidatas, quien ser\u00e1 la Reina de Carnaval 2025, en un evento que se llevar\u00e1 a cabo en las instalaciones del Caney del Coleador, el pr\u00f3ximo mi\u00e9rcoles 26 de febrero, a partir de las 2:00 pm. La<\/p>\n","protected":false},"author":2,"featured_media":9208,"comment_status":"open","ping_status":"open","sticky":false,"template":"","format":"standard","meta":{"advanced_seo_description":"","jetpack_seo_html_title":"","jetpack_seo_noindex":false,"_jetpack_memberships_contains_paid_content":false,"footnotes":"","jetpack_publicize_message":"","jetpack_publicize_feature_enabled":true,"jetpack_social_post_already_shared":true,"jetpack_social_options":{"image_generator_settings":{"template":"highway","enabled":false},"version":2}},"categories":[335,251],"tags":[8,7,32],"class_list":["post-9207","post","type-post","status-publish","format-standard","has-post-thumbnail","hentry","category-locales","category-webdealta","tag-altagraciadeorituco","tag-guarico","tag-webdealta",""],"jetpack_publicize_connections":[],"jetpack_featured_media_url":"https:\/\/webdealta.info\/wp-content\/uploads\/2025\/02\/carnaval-liceo-webdealta.png","jetpack_sharing_enabled":true,"jetpack_likes_enabled":true,"jetpack-related-posts":[],"jetpack_shortlink":"https:\/\/wp.me\/pcseDn-2ov","_links":{"self":[{"href":"https:\/\/webdealta.info\/index.php?rest_route=\/wp\/v2\/posts\/9207","targetHints":{"allow":["GET"]}}],"collection":[{"href":"https:\/\/webdealta.info\/index.php?rest_route=\/wp\/v2\/posts"}],"about":[{"href":"https:\/\/webdealta.info\/index.php?rest_route=\/wp\/v2\/types\/post"}],"author":[{"embeddable":true,"href":"https:\/\/webdealta.info\/index.php?rest_route=\/wp\/v2\/users\/2"}],"replies":[{"embeddable":true,"href":"https:\/\/webdealta.info\/index.php?rest_route=%2Fwp%2Fv2%2Fcomments&post=9207"}],"version-history":[{"count":1,"href":"https:\/\/webdealta.info\/index.php?rest_route=\/wp\/v2\/posts\/9207\/revisions"}],"predecessor-version":[{"id":9209,"href":"https:\/\/webdealta.info\/index.php?rest_route=\/wp\/v2\/posts\/9207\/revisions\/9209"}],"wp:featuredmedia":[{"embeddable":true,"href":"https:\/\/webdealta.info\/index.php?rest_route=\/wp\/v2\/media\/9208"}],"wp:attachment":[{"href":"https:\/\/webdealta.info\/index.php?rest_route=%2Fwp%2Fv2%2Fmedia&parent=9207"}],"wp:term":[{"taxonomy":"category","embeddable":true,"href":"https:\/\/webdealta.info\/index.php?rest_route=%2Fwp%2Fv2%2Fcategories&post=9207"},{"taxonomy":"post_tag","embeddable":true,"href":"https:\/\/webdealta.info\/index.php?rest_route=%2Fwp%2Fv2%2Ftags&post=9207"}],"curies":[{"name":"wp","href":"https:\/\/api.w.org\/{rel}","templated":true}]}}