{"id":9197,"date":"2025-02-20T15:35:04","date_gmt":"2025-02-20T19:35:04","guid":{"rendered":"https:\/\/webdealta.info\/?p=9197"},"modified":"2025-02-20T15:35:05","modified_gmt":"2025-02-20T19:35:05","slug":"productores-de-lezama-y-empresa-privada-mejoran-tramo-de-vialidad-rural","status":"publish","type":"post","link":"https:\/\/webdealta.info\/?p=9197","title":{"rendered":"Productores de Lezama y empresa privada mejoran tramo de vialidad rural"},"content":{"rendered":"\n<p>Amanda Saldivia.-<\/p>\n\n\n\n<p>Productores agropecuarios, con el apoyo de la empresa Ypergas, realizan los trabajos de acondicionamiento de la vialidad del tramo Lezama &#8211; Las Flores- Quebrada de Cara, correspondiente a la parroquia Lezama, municipio Jos\u00e9 Tadeo Monagas, Gu\u00e1rico.<\/p>\n\n\n\n<p>Al respecto, Jos\u00e9 Luis Rosa Manuitt, productor encargado de los trabajos, precis\u00f3 que son aproximadamente 20 kil\u00f3metros con el empleo de maquinaria pesada, a los fines de garantizar que la v\u00eda sea transitable en la temporada de lluvias.<\/p>\n\n\n\n<p>Es importante destacar, que en esa ruta est\u00e1 la empresa gas\u00edfera que explota el campo Yucal Placer, as\u00ed como fincas que se dedican a la cr\u00eda de ganado y la siembra de cereales, entre otros rubros agr\u00edcolas. De all\u00ed, que todos los a\u00f1os, antes del inicio de la temporada de lluvias, se unen para llevar adelante las mejoras a la vialidad.<\/p>\n\n\n\n<p><a>@amandasaldivia<\/a><br><br><\/p>\n","protected":false},"excerpt":{"rendered":"<p>Amanda Saldivia.- Productores agropecuarios, con el apoyo de la empresa Ypergas, realizan los trabajos de acondicionamiento de la vialidad del tramo Lezama &#8211; Las Flores- Quebrada de Cara, correspondiente a la parroquia Lezama, municipio Jos\u00e9 Tadeo Monagas, Gu\u00e1rico. Al respecto, Jos\u00e9 Luis Rosa Manuitt, productor encargado de los trabajos, precis\u00f3<\/p>\n","protected":false},"author":2,"featured_media":9198,"comment_status":"open","ping_status":"open","sticky":false,"template":"","format":"standard","meta":{"advanced_seo_description":"","jetpack_seo_html_title":"","jetpack_seo_noindex":false,"_jetpack_memberships_contains_paid_content":false,"footnotes":"","jetpack_publicize_message":"","jetpack_publicize_feature_enabled":true,"jetpack_social_post_already_shared":true,"jetpack_social_options":{"image_generator_settings":{"template":"highway","enabled":false},"version":2}},"categories":[16,251],"tags":[8,7,32],"class_list":["post-9197","post","type-post","status-publish","format-standard","has-post-thumbnail","hentry","category-vialidad","category-webdealta","tag-altagraciadeorituco","tag-guarico","tag-webdealta",""],"jetpack_publicize_connections":[],"jetpack_featured_media_url":"https:\/\/webdealta.info\/wp-content\/uploads\/2025\/02\/carretera-las-flores-webdealta.png","jetpack_sharing_enabled":true,"jetpack_likes_enabled":true,"jetpack-related-posts":[],"jetpack_shortlink":"https:\/\/wp.me\/pcseDn-2ol","_links":{"self":[{"href":"https:\/\/webdealta.info\/index.php?rest_route=\/wp\/v2\/posts\/9197","targetHints":{"allow":["GET"]}}],"collection":[{"href":"https:\/\/webdealta.info\/index.php?rest_route=\/wp\/v2\/posts"}],"about":[{"href":"https:\/\/webdealta.info\/index.php?rest_route=\/wp\/v2\/types\/post"}],"author":[{"embeddable":true,"href":"https:\/\/webdealta.info\/index.php?rest_route=\/wp\/v2\/users\/2"}],"replies":[{"embeddable":true,"href":"https:\/\/webdealta.info\/index.php?rest_route=%2Fwp%2Fv2%2Fcomments&post=9197"}],"version-history":[{"count":1,"href":"https:\/\/webdealta.info\/index.php?rest_route=\/wp\/v2\/posts\/9197\/revisions"}],"predecessor-version":[{"id":9199,"href":"https:\/\/webdealta.info\/index.php?rest_route=\/wp\/v2\/posts\/9197\/revisions\/9199"}],"wp:featuredmedia":[{"embeddable":true,"href":"https:\/\/webdealta.info\/index.php?rest_route=\/wp\/v2\/media\/9198"}],"wp:attachment":[{"href":"https:\/\/webdealta.info\/index.php?rest_route=%2Fwp%2Fv2%2Fmedia&parent=9197"}],"wp:term":[{"taxonomy":"category","embeddable":true,"href":"https:\/\/webdealta.info\/index.php?rest_route=%2Fwp%2Fv2%2Fcategories&post=9197"},{"taxonomy":"post_tag","embeddable":true,"href":"https:\/\/webdealta.info\/index.php?rest_route=%2Fwp%2Fv2%2Ftags&post=9197"}],"curies":[{"name":"wp","href":"https:\/\/api.w.org\/{rel}","templated":true}]}}