{"id":9172,"date":"2025-02-14T12:19:06","date_gmt":"2025-02-14T16:19:06","guid":{"rendered":"https:\/\/webdealta.info\/?p=9172"},"modified":"2025-02-14T12:19:44","modified_gmt":"2025-02-14T16:19:44","slug":"campana-conduce-por-la-vida-inicio-mp-en-altagracia","status":"publish","type":"post","link":"https:\/\/webdealta.info\/?p=9172","title":{"rendered":"Campa\u00f1a \u00a1Conduce por la vida! inici\u00f3 MP en Altagracia"},"content":{"rendered":"\n<p>Amanda Saldivia.-<\/p>\n\n\n\n<p>En Altagracia de Orituco comenz\u00f3, este viernes 14 de febrero, la campa\u00f1a Conduce por la vida impulsada por el Ministerio P\u00fablico, debido \u00abde la alta incidencia de fallecidos en accidentes de tr\u00e1nsito a escala nacional\u00bb, tal como lo report\u00f3 hace algunas semanas el Fiscal General de la Rep\u00fablica, Tarek William Saad.<\/p>\n\n\n\n<p>El despliegue lo lider\u00f3 la Dra. Zenaida Freites, Fiscal Octava del MP en Altagracia de Orituco, quien destac\u00f3 que por instrucciones del Fiscal General, se inici\u00f3 a la campa\u00f1a con el acompa\u00f1amiento de funcionarios del INTT, CICPC, CONAS, Guardia Rural, Poligu\u00e1rico y PNB, actividad que mantendr\u00e1n a los fines de crear conciencia en los conductores.<\/p>\n\n\n\n<p>En el material de apoyo entregado, destacan las consecuencias de los accidentes, tales como \u00abpones en riesgo tu vida e integridad, y la de los dem\u00e1s; podr\u00edas da\u00f1ar tus bienes y los de otros; causar da\u00f1os colaterales a tu familia y la de otros; y podr\u00edas incurrir en la comisi\u00f3n de una falta o un delito, y colocar en riesgo tu libertad\u00bb.<\/p>\n\n\n\n<p>En referencia a las medidas de prevenci\u00f3n, resalta que los conductores de veh\u00edculos, \u00abdeben usar el cintur\u00f3n de seguridad, ser prudentes al adelantar otra unidad y evitar que los menores de edad ocupen los puestos delanteros\u00bb.<\/p>\n\n\n\n<p>Sobre las motos y bicicletas, hace \u00e9nfasis en la utilizaci\u00f3n del casco integral, no trasladar m\u00e1s de un pasajero y no circular entre canales; adem\u00e1s de en general para todos los conductores, \u00abno utilizar el celular, no exceder la velocidad, distancia prudencial con los veh\u00edculos, respeto a las se\u00f1ales de tr\u00e1nsito, no conducir bajo los efectos del alcohol\u00bb, entre otras.<\/p>\n\n\n\n<p><a>@amandasaldivia<\/a><br><\/p>\n\n\n\n<p><\/p>\n","protected":false},"excerpt":{"rendered":"<p>Amanda Saldivia.- En Altagracia de Orituco comenz\u00f3, este viernes 14 de febrero, la campa\u00f1a Conduce por la vida impulsada por el Ministerio P\u00fablico, debido \u00abde la alta incidencia de fallecidos en accidentes de tr\u00e1nsito a escala nacional\u00bb, tal como lo report\u00f3 hace algunas semanas el Fiscal General de la Rep\u00fablica,<\/p>\n","protected":false},"author":2,"featured_media":9173,"comment_status":"open","ping_status":"open","sticky":false,"template":"","format":"standard","meta":{"advanced_seo_description":"","jetpack_seo_html_title":"","jetpack_seo_noindex":false,"_jetpack_memberships_contains_paid_content":false,"footnotes":"","jetpack_publicize_message":"","jetpack_publicize_feature_enabled":true,"jetpack_social_post_already_shared":true,"jetpack_social_options":{"image_generator_settings":{"template":"highway","enabled":false},"version":2}},"categories":[335,251],"tags":[8,7,32],"class_list":["post-9172","post","type-post","status-publish","format-standard","has-post-thumbnail","hentry","category-locales","category-webdealta","tag-altagraciadeorituco","tag-guarico","tag-webdealta",""],"jetpack_publicize_connections":[],"jetpack_featured_media_url":"https:\/\/webdealta.info\/wp-content\/uploads\/2025\/02\/mp-webdealta.png","jetpack_sharing_enabled":true,"jetpack_likes_enabled":true,"jetpack-related-posts":[],"jetpack_shortlink":"https:\/\/wp.me\/pcseDn-2nW","_links":{"self":[{"href":"https:\/\/webdealta.info\/index.php?rest_route=\/wp\/v2\/posts\/9172","targetHints":{"allow":["GET"]}}],"collection":[{"href":"https:\/\/webdealta.info\/index.php?rest_route=\/wp\/v2\/posts"}],"about":[{"href":"https:\/\/webdealta.info\/index.php?rest_route=\/wp\/v2\/types\/post"}],"author":[{"embeddable":true,"href":"https:\/\/webdealta.info\/index.php?rest_route=\/wp\/v2\/users\/2"}],"replies":[{"embeddable":true,"href":"https:\/\/webdealta.info\/index.php?rest_route=%2Fwp%2Fv2%2Fcomments&post=9172"}],"version-history":[{"count":2,"href":"https:\/\/webdealta.info\/index.php?rest_route=\/wp\/v2\/posts\/9172\/revisions"}],"predecessor-version":[{"id":9175,"href":"https:\/\/webdealta.info\/index.php?rest_route=\/wp\/v2\/posts\/9172\/revisions\/9175"}],"wp:featuredmedia":[{"embeddable":true,"href":"https:\/\/webdealta.info\/index.php?rest_route=\/wp\/v2\/media\/9173"}],"wp:attachment":[{"href":"https:\/\/webdealta.info\/index.php?rest_route=%2Fwp%2Fv2%2Fmedia&parent=9172"}],"wp:term":[{"taxonomy":"category","embeddable":true,"href":"https:\/\/webdealta.info\/index.php?rest_route=%2Fwp%2Fv2%2Fcategories&post=9172"},{"taxonomy":"post_tag","embeddable":true,"href":"https:\/\/webdealta.info\/index.php?rest_route=%2Fwp%2Fv2%2Ftags&post=9172"}],"curies":[{"name":"wp","href":"https:\/\/api.w.org\/{rel}","templated":true}]}}